{"id":107966,"date":"2019-08-01T08:03:37","date_gmt":"2019-08-01T11:03:37","guid":{"rendered":"http:\/\/www.caririemacao.com\/1\/?p=107966"},"modified":"2019-08-01T08:03:37","modified_gmt":"2019-08-01T11:03:37","slug":"novos-aparelhos-produzidos-no-pais-poderao-sintonizar-mais-radios-fms","status":"publish","type":"post","link":"https:\/\/www.caririemacao.com\/1\/2019\/08\/01\/novos-aparelhos-produzidos-no-pais-poderao-sintonizar-mais-radios-fms\/","title":{"rendered":"Novos aparelhos produzidos no pa\u00eds poder\u00e3o sintonizar mais r\u00e1dios FMs"},"content":{"rendered":"\n<p>Os novos aparelhos de r\u00e1dio em produ\u00e7\u00e3o na ind\u00fastria no Brasil v\u00e3o poder sintonizar mais canais de frequ\u00eancia modulada (FM). O prop\u00f3sito \u00e9 que os ouvintes possam sintonizar mais emissoras na banda FM, que ser\u00e1 estendida no pr\u00f3ximo ano para acomodar a migra\u00e7\u00e3o das emissoras AM para o FM.<\/p>\n\n\n\n<p>A banda, que atualmente funciona dos 88 aos 108 MHz (mega-hertz), vai passar a ser dos 76 aos 108 MHz. Esses 12 MHz extras foram obtidos com a desativa\u00e7\u00e3o da TV anal\u00f3gica e correspondem aos antigos canais 5 e 6 da TV aberta antes da digitaliza\u00e7\u00e3o.<\/p>\n\n\n\n<p>Com mais espa\u00e7o, \u00e9 poss\u00edvel viabilizar mais facilmente a migra\u00e7\u00e3o das emissoras AM. Inicialmente, caber\u00e3o at\u00e9 15 emissoras entre os 76 e 88 MHz. \u201cO estudo [t\u00e9cnico] est\u00e1 levando a crer, principalmente nas regi\u00f5es metropolitanas, onde tem grande demanda, que esses 15 canais v\u00e3o comportar grande parte [da demanda]\u201d, informa Vin\u00edcius Caram, superintendente de Outorga e Recursos \u00e0 Presta\u00e7\u00e3o da Ag\u00eancia Nacional de Telecomunica\u00e7\u00f5es (Anatel).<\/p>\n\n\n\n<p>Segundo Caram, h\u00e1 estudos na Anatel que preveem espa\u00e7o para at\u00e9 mais 30 emissoras com a amplia\u00e7\u00e3o da banda.<\/p>\n\n\n\n<p>A migra\u00e7\u00e3o das emissoras AM para o FM est\u00e1 prevista em&nbsp;<a href=\"http:\/\/www.planalto.gov.br\/CCIVIL_03\/_Ato2011-2014\/2013\/Decreto\/D8139.htm\" target=\"_blank\" rel=\"noreferrer noopener\">lei desde novembro de 2013<\/a>&nbsp;e atende ao pedido dos radiodifusores que se queixam da queda de qualidade do sinal de suas esta\u00e7\u00f5es que pode acarretar em perda de audi\u00eancia.<\/p>\n\n\n\n<h2 class=\"wp-block-heading\">Plano B\u00e1sico<\/h2>\n\n\n\n<p>Segundo a Anatel no in\u00edcio do processo de migra\u00e7\u00e3o, existiam 1.781 emissoras AM no in\u00edcio do processo de migra\u00e7\u00e3o. Dessas, 1.667 pediram a mudan\u00e7a de AM para FM (93,5% do total). Entre as que querem a migra\u00e7\u00e3o, 1.211 foram inclu\u00eddas no Plano B\u00e1sico de Frequ\u00eancia Modulada (PBFM), ou seja, t\u00eam espa\u00e7o verificado para funcionar na banda FM.<\/p>\n\n\n\n<p>Dessas emissoras que est\u00e3o no PBFM, 730 pagaram as taxas para adapta\u00e7\u00e3o de outorga e est\u00e3o autorizadas a operar. N\u00e3o h\u00e1 informa\u00e7\u00e3o de quantas emissoras autorizadas fizeram a migra\u00e7\u00e3o e podem ser ouvidas na banda FM atualmente. Conforme os n\u00fameros oficiais, 456 emissoras que pediram a migra\u00e7\u00e3o ainda n\u00e3o foram inclu\u00eddas no PBFM.<\/p>\n\n\n\n<p>Al\u00e9m da inclus\u00e3o no PBFM e do recolhimento de taxa de adapta\u00e7\u00e3o de outorga, cujo valor muda conforme pot\u00eancia e localiza\u00e7\u00e3o, as emissoras precisar\u00e3o investir em novos equipamentos de transmiss\u00e3o e antena de acordo com a pot\u00eancia, e, eventualmente, um local para colocar a torre da esta\u00e7\u00e3o. \u201cN\u00e3o \u00e9 simples\u201d, disse Andr\u00e9 Cintra, diretor de R\u00e1dio da Associa\u00e7\u00e3o Brasileira de Emissoras de R\u00e1dio e Televis\u00e3o (Abert), ponderando que, al\u00e9m das quest\u00f5es t\u00e9cnicas, as emissoras precisam viabilizar financiamento para a migra\u00e7\u00e3o.<\/p>\n\n\n\n<h2 class=\"wp-block-heading\">Consulta p\u00fablica<\/h2>\n\n\n\n<p>A proposta de nova destina\u00e7\u00e3o das faixas de radiofrequ\u00eancia est\u00e1 em consulta p\u00fablica e pode ser acessada at\u00e9 o dia 16 de agosto<a href=\"https:\/\/sistemas.anatel.gov.br\/SACP\/Contribuicoes\/TextoConsulta.asp?CodProcesso=C2251&amp;Tipo=1&amp;Opcao=andamento\" target=\"_blank\" rel=\"noreferrer noopener\">&nbsp;no&nbsp;<em>site&nbsp;<\/em>da Anatel<\/a>.&nbsp;<\/p>\n\n\n\n<p>A ag\u00eancia tamb\u00e9m realiza audi\u00eancias p\u00fablicas para ouvir a sociedade a respeito. A pr\u00f3xima audi\u00eancia p\u00fablica ser\u00e1 em 5 de agosto, \u00e0s 10h, na Ger\u00eancia Regional da Anatel em S\u00e3o Paulo.<\/p>\n\n\n\n<p>A destina\u00e7\u00e3o de canais depende do<a href=\"https:\/\/www.mctic.gov.br\/mctic\/opencms\/comunicacao\/SERAD\/radiofusao\/detalhe_tema\/radiodifusao_comercial.html\" target=\"_blank\" rel=\"noreferrer noopener\">estudo t\u00e9cnico individual<\/a>&nbsp;e do processo de outorga regido pela Anatel e pelo Minist\u00e9rio da Ci\u00eancia, Tecnologia, Inova\u00e7\u00f5es e Comunica\u00e7\u00f5es.<\/p>\n\n\n\n<h2 class=\"wp-block-heading\">Amaz\u00f4nia Legal<\/h2>\n\n\n\n<p>Nos estados que formam a Amaz\u00f4nia Legal &#8211; Acre, Amap\u00e1, Amazonas, Maranh\u00e3o, Mato Grosso, Par\u00e1, Roraima, Rond\u00f4nia e Tocantins &#8211; decreto assinado na quinta-feira (25) pelo presidente Jair Bolsonaro possibilita que emissoras de r\u00e1dio FM instaladas nas capitais daquelas unidades da Federa\u00e7\u00e3o retransmitam seus sinais para quaisquer munic\u00edpios do mesmo estado.<\/p>\n\n\n\n<p>Conforme dado do minist\u00e9rio, h\u00e1 131 emissoras de r\u00e1dio FM autorizadas a funcionar nas capitais dos nove estados. As regras para as emissoras em ampliar os seus sinais dever\u00e3o ser publicadas nos pr\u00f3ximos 60 dias. A Amaz\u00f4nia Legal tem uma popula\u00e7\u00e3o de 25 milh\u00f5es de pessoas.<\/p>\n","protected":false},"excerpt":{"rendered":"<p>Os novos aparelhos de r\u00e1dio em produ\u00e7\u00e3o na ind\u00fastria no Brasil v\u00e3o poder sintonizar mais canais de frequ\u00eancia modulada (FM). O prop\u00f3sito \u00e9 que os&hellip; <\/p>\n","protected":false},"author":1,"featured_media":51904,"comment_status":"closed","ping_status":"closed","sticky":false,"template":"","format":"standard","meta":{"sfsi_plus_gutenberg_text_before_share":"","sfsi_plus_gutenberg_show_text_before_share":"","sfsi_plus_gutenberg_icon_type":"","sfsi_plus_gutenberg_icon_alignemt":"","sfsi_plus_gutenburg_max_per_row":"","footnotes":""},"categories":[2],"tags":[],"class_list":["post-107966","post","type-post","status-publish","format-standard","has-post-thumbnail","hentry","category-geral"],"_links":{"self":[{"href":"https:\/\/www.caririemacao.com\/1\/wp-json\/wp\/v2\/posts\/107966","targetHints":{"allow":["GET"]}}],"collection":[{"href":"https:\/\/www.caririemacao.com\/1\/wp-json\/wp\/v2\/posts"}],"about":[{"href":"https:\/\/www.caririemacao.com\/1\/wp-json\/wp\/v2\/types\/post"}],"author":[{"embeddable":true,"href":"https:\/\/www.caririemacao.com\/1\/wp-json\/wp\/v2\/users\/1"}],"replies":[{"embeddable":true,"href":"https:\/\/www.caririemacao.com\/1\/wp-json\/wp\/v2\/comments?post=107966"}],"version-history":[{"count":1,"href":"https:\/\/www.caririemacao.com\/1\/wp-json\/wp\/v2\/posts\/107966\/revisions"}],"predecessor-version":[{"id":107967,"href":"https:\/\/www.caririemacao.com\/1\/wp-json\/wp\/v2\/posts\/107966\/revisions\/107967"}],"wp:featuredmedia":[{"embeddable":true,"href":"https:\/\/www.caririemacao.com\/1\/wp-json\/wp\/v2\/media\/51904"}],"wp:attachment":[{"href":"https:\/\/www.caririemacao.com\/1\/wp-json\/wp\/v2\/media?parent=107966"}],"wp:term":[{"taxonomy":"category","embeddable":true,"href":"https:\/\/www.caririemacao.com\/1\/wp-json\/wp\/v2\/categories?post=107966"},{"taxonomy":"post_tag","embeddable":true,"href":"https:\/\/www.caririemacao.com\/1\/wp-json\/wp\/v2\/tags?post=107966"}],"curies":[{"name":"wp","href":"https:\/\/api.w.org\/{rel}","templated":true}]}}