{"id":107970,"date":"2019-08-01T08:06:20","date_gmt":"2019-08-01T11:06:20","guid":{"rendered":"http:\/\/www.caririemacao.com\/1\/?p=107970"},"modified":"2019-08-01T08:06:20","modified_gmt":"2019-08-01T11:06:20","slug":"moro-defende-isolamento-de-lideres-de-organizacoes-criminosas","status":"publish","type":"post","link":"https:\/\/www.caririemacao.com\/1\/2019\/08\/01\/moro-defende-isolamento-de-lideres-de-organizacoes-criminosas\/","title":{"rendered":"Moro defende isolamento de l\u00edderes de organiza\u00e7\u00f5es criminosas"},"content":{"rendered":"\n<p><br>O ministro da Justi\u00e7a e Seguran\u00e7a P\u00fablica, Sergio Moro, disse no dia (31) que o \u201crem\u00e9dio\u201d para evitar novos confrontos entre membros de organiza\u00e7\u00f5es criminosas e a morte de pessoas que cumprem pena ou aguardam julgamento em unidades carcer\u00e1rias brasileiras \u00e9 isolar os integrantes destas fac\u00e7\u00f5es. Moro fez a declara\u00e7\u00e3o durante a\u00a0<a rel=\"noreferrer noopener\" href=\"http:\/\/agenciabrasil.ebc.com.br\/solenidade-comemorativa-dos-91-anos-da-policia-rodoviaria-federal\" target=\"_blank\">solenidade em comemora\u00e7\u00e3o aos 91 anos da Pol\u00edcia Rodovi\u00e1ria Federal<\/a>.<\/p>\n\n\n\n<p>\u201cO rem\u00e9dio para isto \u00e9 isolar as fac\u00e7\u00f5es e n\u00e3o soltar criminosos\u201d, disse Moro ao ser perguntado sobre as mortes ocorridas ap\u00f3s uma rebeli\u00e3o no Centro de Recupera\u00e7\u00e3o Regional de Altamira (PA). \u201cN\u00e3o se resolve o problema dos crimes violentos simplesmente libertando estes presos. Temos, sim, \u00e9 que isolar estas lideran\u00e7as criminosas\u201d, acrescentou o ministro.<\/p>\n\n\n\n<p>Cinquenta e oito apenados&nbsp;<a href=\"http:\/\/agenciabrasil.ebc.com.br\/geral\/noticia\/2019-07\/sobe-para-62-o-numero-de-mortos-em-briga-de-faccoes-no-para\" target=\"_blank\" rel=\"noreferrer noopener\">foram assassinados<\/a>&nbsp;na segunda-feira (29) no interior da unidade prisional durante uma briga entre membros de duas fac\u00e7\u00f5es criminosas rivais. Mais quatro foram encontrados mortos dentro do caminh\u00e3o-cela em que foram transferidos do Centro de Recupera\u00e7\u00e3o, junto com mais 26 presos.<\/p>\n\n\n\n<h2 class=\"wp-block-heading\">Investiga\u00e7\u00e3o<\/h2>\n\n\n\n<p>Segundo a Secretaria de Estado de Seguran\u00e7a P\u00fablica e Defesa Social (Segup) do Par\u00e1, as \u00faltimas quatro mortes por sufocamento ocorreram entre as 19 h de ontem (30) e 1 h da madrugada de hoje. O caso ainda est\u00e1 sendo investigado. Todos os 26 presos que estavam no caminh\u00e3o-cela foram colocados em isolamento.<\/p>\n\n\n\n<p>Ainda de acordo com a Segup, os 30 presos transferidos pertenciam a uma mesma fac\u00e7\u00e3o e estavam algemados, divididos em quatro celas que, juntas, tinham capacidade para at\u00e9 40 pessoas. O estado n\u00e3o tem caminh\u00e3o com celas individuais.<\/p>\n\n\n\n<p>Classificando a morte de 62 presos como um \u201cacontecimento tr\u00e1gico\u201d, Moro disse que o governo federal colocou \u00e0 disposi\u00e7\u00e3o do governo do Par\u00e1 vagas em pres\u00eddios federais para acolher os l\u00edderes das organiza\u00e7\u00f5es criminosas que atuam no estado. O ministro tamb\u00e9m destacou que chegaram nesta quarta-feira, em Bel\u00e9m, dez homens da&nbsp;<a href=\"http:\/\/agenciabrasil.ebc.com.br\/justica\/noticia\/2019-07\/forca-federal-de-intervencao-em-presidios-chega-ao-para\" target=\"_blank\" rel=\"noreferrer noopener\">For\u00e7a-Tarefa de Interven\u00e7\u00e3o Penitenci\u00e1ria<\/a>, coordenada pelo minist\u00e9rio. &nbsp;<\/p>\n\n\n\n<p>A pedido do governador do Par\u00e1, Helder Barbalho, a for\u00e7a-tarefa atuar\u00e1 em atividades de guarda, vigil\u00e2ncia e cust\u00f3dia de presos, com apoio dos sistemas Penitenci\u00e1rio e de Seguran\u00e7a P\u00fablica do estado. \u201cOs agentes v\u00e3o auxiliar n\u00e3o s\u00f3 no trato destes presos, mas principalmente no treinamento de agentes penitenci\u00e1rios, j\u00e1 que o governo estadual est\u00e1 finalizando um concurso p\u00fablico e novas unidades prisionais devem ser inauguradas em breve, minimizando as dificuldades de tratamento da popula\u00e7\u00e3o do sistema prisional\u201d, concluiu o ministro, garantindo que as institui\u00e7\u00f5es p\u00fablicas est\u00e3o adotando todas as provid\u00eancias necess\u00e1rias para resolver o problema.<\/p>\n\n\n\n<p>Assista na&nbsp;<strong>TV Brasil:<\/strong>&nbsp;Quatro presos morrem na transfer\u00eancia de Altamira para Bel\u00e9m<\/p>\n\n\n\n<figure><iframe allowfullscreen=\"\" data-src=\"https:\/\/www.youtube.com\/embed\/qgVYWmbdjLc\" src=\"data:image\/svg+xml;base64,PHN2ZyB3aWR0aD0iMSIgaGVpZ2h0PSIxIiB4bWxucz0iaHR0cDovL3d3dy53My5vcmcvMjAwMC9zdmciPjwvc3ZnPg==\" class=\"lazyload\" data-load-mode=\"1\"><\/iframe><\/figure>\n\n\n\n<p><\/p>\n","protected":false},"excerpt":{"rendered":"<p>O ministro da Justi\u00e7a e Seguran\u00e7a P\u00fablica, Sergio Moro, disse no dia (31) que o \u201crem\u00e9dio\u201d para evitar novos confrontos entre membros de organiza\u00e7\u00f5es criminosas&hellip; <\/p>\n","protected":false},"author":1,"featured_media":106330,"comment_status":"closed","ping_status":"closed","sticky":false,"template":"","format":"standard","meta":{"sfsi_plus_gutenberg_text_before_share":"","sfsi_plus_gutenberg_show_text_before_share":"","sfsi_plus_gutenberg_icon_type":"","sfsi_plus_gutenberg_icon_alignemt":"","sfsi_plus_gutenburg_max_per_row":"","footnotes":""},"categories":[11],"tags":[],"class_list":["post-107970","post","type-post","status-publish","format-standard","has-post-thumbnail","hentry","category-politica"],"_links":{"self":[{"href":"https:\/\/www.caririemacao.com\/1\/wp-json\/wp\/v2\/posts\/107970","targetHints":{"allow":["GET"]}}],"collection":[{"href":"https:\/\/www.caririemacao.com\/1\/wp-json\/wp\/v2\/posts"}],"about":[{"href":"https:\/\/www.caririemacao.com\/1\/wp-json\/wp\/v2\/types\/post"}],"author":[{"embeddable":true,"href":"https:\/\/www.caririemacao.com\/1\/wp-json\/wp\/v2\/users\/1"}],"replies":[{"embeddable":true,"href":"https:\/\/www.caririemacao.com\/1\/wp-json\/wp\/v2\/comments?post=107970"}],"version-history":[{"count":1,"href":"https:\/\/www.caririemacao.com\/1\/wp-json\/wp\/v2\/posts\/107970\/revisions"}],"predecessor-version":[{"id":107971,"href":"https:\/\/www.caririemacao.com\/1\/wp-json\/wp\/v2\/posts\/107970\/revisions\/107971"}],"wp:featuredmedia":[{"embeddable":true,"href":"https:\/\/www.caririemacao.com\/1\/wp-json\/wp\/v2\/media\/106330"}],"wp:attachment":[{"href":"https:\/\/www.caririemacao.com\/1\/wp-json\/wp\/v2\/media?parent=107970"}],"wp:term":[{"taxonomy":"category","embeddable":true,"href":"https:\/\/www.caririemacao.com\/1\/wp-json\/wp\/v2\/categories?post=107970"},{"taxonomy":"post_tag","embeddable":true,"href":"https:\/\/www.caririemacao.com\/1\/wp-json\/wp\/v2\/tags?post=107970"}],"curies":[{"name":"wp","href":"https:\/\/api.w.org\/{rel}","templated":true}]}}