{"id":107981,"date":"2019-08-01T08:21:19","date_gmt":"2019-08-01T11:21:19","guid":{"rendered":"http:\/\/www.caririemacao.com\/1\/?p=107981"},"modified":"2019-08-01T08:21:19","modified_gmt":"2019-08-01T11:21:19","slug":"caixa-economica-reduz-juros-para-pessoas-fisicas-e-empresas","status":"publish","type":"post","link":"https:\/\/www.caririemacao.com\/1\/2019\/08\/01\/caixa-economica-reduz-juros-para-pessoas-fisicas-e-empresas\/","title":{"rendered":"Caixa Econ\u00f4mica reduz juros para pessoas f\u00edsicas e empresas"},"content":{"rendered":"\n<p>A Caixa Econ\u00f4mica Federal anunciou nesta quarta-feira (31) um novo corte nos juros em linhas para pessoas f\u00edsicas e empresas, poucas horas antes da esperada redu\u00e7\u00e3o da taxa Selic pelo Copom (Comit\u00ea de Pol\u00edtica Monet\u00e1ria do Banco Central). O banco anunciou ainda que lan\u00e7ar\u00e1, em at\u00e9 60 dias, um aplicativo para clientes de baixa renda.<\/p>\n\n\n\n<p>Segundo o banco, a partir de 1\u00ba de agosto, a taxa m\u00e1xima de cheque especial para pessoas f\u00edsicas cair\u00e1 de 13,45% ao m\u00eas para 9,99%. No cr\u00e9dito pessoal tradicional, a taxa come\u00e7ar\u00e1 em 3,99% ao m\u00eas -antes, partia de 4,99% mensais. No empr\u00e9stimo para quem recebe sal\u00e1rio na Caixa, o juro diminuir\u00e1 para 2,29% ao m\u00eas. No cart\u00e3o de cr\u00e9dito, o banco decidiu isentar os clientes de pagar anuidade.<\/p>\n\n\n\n<p>Para empresas, a Caixa tamb\u00e9m reduziu a taxa em algumas linhas. No cheque especial, o recuo foi de 14,95% para 9,99% mensais. O empr\u00e9stimo de antecipa\u00e7\u00e3o de receb\u00edveis caiu de 1,89% para 1,85% ao m\u00eas.<\/p>\n\n\n\n<p>A expectativa \u00e9 que o Copom reduza a taxa de juros para 6,25% ao ano nesta quarta.<\/p>\n\n\n\n<p>Al\u00e9m disso, o banco decidiu oferecer a partir de 19 de agosto, para pessoas f\u00edsicas e jur\u00eddicas, o chamado pacote Caixa. Para quem contratar, as taxas no cheque especial cair\u00e3o para 8,99%, para pessoas f\u00edsicas e empresas. No cr\u00e9dito pessoal tradicional e para conta-sal\u00e1rio, as taxas para pessoas s\u00e3o iguais \u00e0s de clientes que n\u00e3o t\u00eam o pacote.<\/p>\n\n\n\n<p>A vantagem, para as pessoas f\u00edsicas que contratarem o pacote, \u00e9 que o valor pago em tarifa ser\u00e1 devolvido ao cliente em b\u00f4nus para celular. Para pessoa f\u00edsica, a tarifa \u00e9 de R$ 25, revertidos em cr\u00e9dito para celular. Esse valor tamb\u00e9m inclui um seguro de vida prestamista. Para empresas, a tarifa \u00e9 de R$ 49,50, mas sem revers\u00e3o de cr\u00e9dito para celular e sem o seguro.<\/p>\n\n\n\n<p>O banco prepara ainda o lan\u00e7amento, em at\u00e9 60 dias, de um aplicativo para clientes de baixa renda e benefici\u00e1rios de programas sociais pagos pela Caixa, como o Bolsa Fam\u00edlia. Haver\u00e1 opera\u00e7\u00f5es mais simples e menos produtos do que os oferecidos no app tradicional do banco -que, como o pr\u00f3prio presidente, Pedro Guimar\u00e3es, admitiu nesta quinta, \u00e9 o mais atrasado dentre as cinco maiores institui\u00e7\u00f5es financeiras do pa\u00eds.<\/p>\n\n\n\n<p>\u201cVamos lan\u00e7ar um produto que utiliza motores mais simples e que permite o acesso a pessoas mais humildes\u201d, afirmou Guimar\u00e3es. \u201cA classe baixa vai ter acesso a uma conta pra fazer o pagamento e a gest\u00e3o da conta, com atividades banc\u00e1rias e servi\u00e7os sociais que a Caixa prev\u00ea, e numa linguagem com plataforma mais leve, que n\u00e3o consome o pacote de dados. Vamos bancar a utiliza\u00e7\u00e3o da internet nessa faixa.\u201d<\/p>\n\n\n\n<p>A estrat\u00e9gia do banco passa por capturar ainda os benefici\u00e1rios de programas sociais e transform\u00e1-los, eventualmente, em clientes.<\/p>\n","protected":false},"excerpt":{"rendered":"<p>A Caixa Econ\u00f4mica Federal anunciou nesta quarta-feira (31) um novo corte nos juros em linhas para pessoas f\u00edsicas e empresas, poucas horas antes da esperada&hellip; <\/p>\n","protected":false},"author":1,"featured_media":73817,"comment_status":"closed","ping_status":"closed","sticky":false,"template":"","format":"standard","meta":{"sfsi_plus_gutenberg_text_before_share":"","sfsi_plus_gutenberg_show_text_before_share":"","sfsi_plus_gutenberg_icon_type":"","sfsi_plus_gutenberg_icon_alignemt":"","sfsi_plus_gutenburg_max_per_row":"","footnotes":""},"categories":[2],"tags":[],"class_list":["post-107981","post","type-post","status-publish","format-standard","has-post-thumbnail","hentry","category-geral"],"_links":{"self":[{"href":"https:\/\/www.caririemacao.com\/1\/wp-json\/wp\/v2\/posts\/107981","targetHints":{"allow":["GET"]}}],"collection":[{"href":"https:\/\/www.caririemacao.com\/1\/wp-json\/wp\/v2\/posts"}],"about":[{"href":"https:\/\/www.caririemacao.com\/1\/wp-json\/wp\/v2\/types\/post"}],"author":[{"embeddable":true,"href":"https:\/\/www.caririemacao.com\/1\/wp-json\/wp\/v2\/users\/1"}],"replies":[{"embeddable":true,"href":"https:\/\/www.caririemacao.com\/1\/wp-json\/wp\/v2\/comments?post=107981"}],"version-history":[{"count":1,"href":"https:\/\/www.caririemacao.com\/1\/wp-json\/wp\/v2\/posts\/107981\/revisions"}],"predecessor-version":[{"id":107982,"href":"https:\/\/www.caririemacao.com\/1\/wp-json\/wp\/v2\/posts\/107981\/revisions\/107982"}],"wp:featuredmedia":[{"embeddable":true,"href":"https:\/\/www.caririemacao.com\/1\/wp-json\/wp\/v2\/media\/73817"}],"wp:attachment":[{"href":"https:\/\/www.caririemacao.com\/1\/wp-json\/wp\/v2\/media?parent=107981"}],"wp:term":[{"taxonomy":"category","embeddable":true,"href":"https:\/\/www.caririemacao.com\/1\/wp-json\/wp\/v2\/categories?post=107981"},{"taxonomy":"post_tag","embeddable":true,"href":"https:\/\/www.caririemacao.com\/1\/wp-json\/wp\/v2\/tags?post=107981"}],"curies":[{"name":"wp","href":"https:\/\/api.w.org\/{rel}","templated":true}]}}