{"id":107993,"date":"2019-08-01T08:41:19","date_gmt":"2019-08-01T11:41:19","guid":{"rendered":"http:\/\/www.caririemacao.com\/1\/?p=107993"},"modified":"2019-08-01T08:41:19","modified_gmt":"2019-08-01T11:41:19","slug":"sem-neymar-fifa-divulga-nomes-que-concorrem-ao-premio-de-melhor-jogador-do-mundo","status":"publish","type":"post","link":"https:\/\/www.caririemacao.com\/1\/2019\/08\/01\/sem-neymar-fifa-divulga-nomes-que-concorrem-ao-premio-de-melhor-jogador-do-mundo\/","title":{"rendered":"Sem Neymar, Fifa divulga nomes que concorrem ao pr\u00eamio de melhor jogador do mundo"},"content":{"rendered":"\n<p><a href=\"https:\/\/www.agenciadoradio.com.br\/\"><\/a><\/p>\n\n\n\n<figure class=\"wp-block-image\"><img decoding=\"async\" src=\"https:\/\/s3-sa-east-1.amazonaws.com\/agencia-radio-arb\/variants\/qcsPpTJGabgKWYKAkydTmEnC\/390daa6583bae07f008a3995decd28fae3c75fa7fef73e826dd969ce271e3cbd\" alt=\"Cr\u00e9ditos: Reprodu\u00e7\u00e3o FIFA\"\/><\/figure>\n\n\n\n<p>A Fifa divulgou nesta quarta-feira (31) os candidatos ao pr\u00eamio de melhor jogador da temporada 2018\/2019. O atual vencedor do pr\u00eamio, o meia croata do Real Madrid, Luka Modric, n\u00e3o est\u00e1 entre os 10 finalistas. Assim como Neymar, fora pelo segundo ano seguido. Favoritos a levarem o pr\u00eamio desta edi\u00e7\u00e3o, foram selecionados pela entidade o portugu\u00eas Cristiano Ronaldo, o argentino Lionel Messi e o jovem atacante franc\u00eas Kylian Mbapp\u00e9. Salah, Man\u00e9 e Van Dijk, todos jogadores do Liverpool, correm por fora.<\/p>\n\n\n\n<p>Tamb\u00e9m foram divulgados os concorrentes ao pr\u00eamio de melhor t\u00e9cnico, incluindo Tite, da Sele\u00e7\u00e3o Brasileira. Ele concorre ao lado de nomes como o de Jurgen Klopp, do Liverpool, Ricardo Gareca, do Peru, e Pep Guardiola, do Manchester City,<\/p>\n\n\n\n<p>Os nome s\u00e3o escolhidos atrav\u00e9s de uma an\u00e1lise de desempenho entre julho de 2018 e julho deste ano. Al\u00e9m da vota\u00e7\u00e3o aberta ao p\u00fablico no site da Fifa, treinadores e capit\u00e3es das sele\u00e7\u00f5es t\u00eam direito a voto, assim como um jornalista de cada pa\u00eds filiado a federa\u00e7\u00e3o internacional. Atletas e treinadores de sele\u00e7\u00f5es podem votar em conterr\u00e2neos, mas n\u00e3o neles pr\u00f3prios.<\/p>\n\n\n\n<p>Os tr\u00eas mais votados ser\u00e3o anunciados no dia 23 de setembro, em cerim\u00f4nia que ocorrer\u00e1 em Mil\u00e3o, na It\u00e1lia.<\/p>\n\n\n\n<p><strong>Lista de jogadores indicados ao pr\u00eamio de melhor do mundo:<\/strong><br>Cristiano Ronaldo (Portugal)<br>Frenkie De Jong (Holanda)<br>Matthijs de Ligt (Holanda)<br>Eden Hazard (B\u00e9lgica)<br>Harry Kane (Inglaterra)<br>Sadio Man\u00e9 (Senegal)<br>Kylian Mbapp\u00e9 (Fran\u00e7a)<br>Lionel Messi (Argentina)<br>Mohamed Salah (Egito)<br>Virgil van Dijk (Holanda)<\/p>\n\n\n\n<p><strong>Indicados a melhor treinador do mundo:<\/strong><br>Djamel Belmadi (t\u00e9cnico da Arg\u00e9lia)<br>Didier Deschamps (t\u00e9cnico da Fran\u00e7a)<br>Marcelo Gallardo (t\u00e9cnico do River Plate)<br>Ricardo Gareca (t\u00e9cnico do Peru)<br>Pep Guardiola (t\u00e9cnico do Manchester City)<br>Jurgen Klopp (t\u00e9cnico do Liverpool)<br>Mauricio Pochettino (t\u00e9cnico do Tottenham)<br>Fernando Santos (t\u00e9cnico de Portugal)<br>Erik ten Hag (t\u00e9cnico do Ajax)<br>Tite (t\u00e9cnico da sele\u00e7\u00e3o brasileira)<\/p>\n","protected":false},"excerpt":{"rendered":"<p>A Fifa divulgou nesta quarta-feira (31) os candidatos ao pr\u00eamio de melhor jogador da temporada 2018\/2019. O atual vencedor do pr\u00eamio, o meia croata do&hellip; <\/p>\n","protected":false},"author":1,"featured_media":35984,"comment_status":"closed","ping_status":"closed","sticky":false,"template":"","format":"standard","meta":{"sfsi_plus_gutenberg_text_before_share":"","sfsi_plus_gutenberg_show_text_before_share":"","sfsi_plus_gutenberg_icon_type":"","sfsi_plus_gutenberg_icon_alignemt":"","sfsi_plus_gutenburg_max_per_row":"","footnotes":""},"categories":[13],"tags":[],"class_list":["post-107993","post","type-post","status-publish","format-standard","has-post-thumbnail","hentry","category-esportes"],"_links":{"self":[{"href":"https:\/\/www.caririemacao.com\/1\/wp-json\/wp\/v2\/posts\/107993","targetHints":{"allow":["GET"]}}],"collection":[{"href":"https:\/\/www.caririemacao.com\/1\/wp-json\/wp\/v2\/posts"}],"about":[{"href":"https:\/\/www.caririemacao.com\/1\/wp-json\/wp\/v2\/types\/post"}],"author":[{"embeddable":true,"href":"https:\/\/www.caririemacao.com\/1\/wp-json\/wp\/v2\/users\/1"}],"replies":[{"embeddable":true,"href":"https:\/\/www.caririemacao.com\/1\/wp-json\/wp\/v2\/comments?post=107993"}],"version-history":[{"count":1,"href":"https:\/\/www.caririemacao.com\/1\/wp-json\/wp\/v2\/posts\/107993\/revisions"}],"predecessor-version":[{"id":107994,"href":"https:\/\/www.caririemacao.com\/1\/wp-json\/wp\/v2\/posts\/107993\/revisions\/107994"}],"wp:featuredmedia":[{"embeddable":true,"href":"https:\/\/www.caririemacao.com\/1\/wp-json\/wp\/v2\/media\/35984"}],"wp:attachment":[{"href":"https:\/\/www.caririemacao.com\/1\/wp-json\/wp\/v2\/media?parent=107993"}],"wp:term":[{"taxonomy":"category","embeddable":true,"href":"https:\/\/www.caririemacao.com\/1\/wp-json\/wp\/v2\/categories?post=107993"},{"taxonomy":"post_tag","embeddable":true,"href":"https:\/\/www.caririemacao.com\/1\/wp-json\/wp\/v2\/tags?post=107993"}],"curies":[{"name":"wp","href":"https:\/\/api.w.org\/{rel}","templated":true}]}}