{"id":108012,"date":"2019-08-01T10:13:33","date_gmt":"2019-08-01T13:13:33","guid":{"rendered":"http:\/\/www.caririemacao.com\/1\/?p=108012"},"modified":"2019-08-01T10:13:33","modified_gmt":"2019-08-01T13:13:33","slug":"trump-designa-brasil-como-aliado-preferencial-dos-eua-extra-otan","status":"publish","type":"post","link":"https:\/\/www.caririemacao.com\/1\/2019\/08\/01\/trump-designa-brasil-como-aliado-preferencial-dos-eua-extra-otan\/","title":{"rendered":"Trump designa Brasil como aliado preferencial dos EUA extra-Otan"},"content":{"rendered":"\n<p>O presidente dos EUA, Donald Trump, sacramentou a promessa que fez ao presidente Jair Bolsonaro em mar\u00e7o e designou nesta quarta-feira (31) o Brasil como um aliado preferencial extra-Otan.<\/p>\n\n\n\n<p>O comunicado assinado por Trump foi encaminhado pela Casa Branca ao Departamento de Estado, comandado pelo secret\u00e1rio Mike Pompeo.<\/p>\n\n\n\n<p>A designa\u00e7\u00e3o cabe a pa\u00edses que n\u00e3o s\u00e3o membros da Otan (Organiza\u00e7\u00e3o do Tratado do Atl\u00e2ntico Norte), mas considerados aliados estrat\u00e9gicos militares dos EUA.&nbsp;<\/p>\n\n\n\n<p>Segundo o documento, o novo status diz respeito ao controle de exporta\u00e7\u00e3o de armas. Com isso, o pa\u00eds passa a ter acesso \u00e0 coopera\u00e7\u00e3o militar e transfer\u00eancias de tecnologia com os americanos.<\/p>\n\n\n\n<p>A designa\u00e7\u00e3o agrada a ala militar do governo brasileiro, porque promete expandir a coopera\u00e7\u00e3o entre as for\u00e7as dos pa\u00edses e a possibilidade de comprar equipamentos com isen\u00e7\u00f5es dentro da Lei de Exporta\u00e7\u00e3o de Armas que rege a venda desses produtos sens\u00edveis.&nbsp;<\/p>\n\n\n\n<p>O Brasil ter\u00e1 ainda prioridade para receber de gra\u00e7a ou a pre\u00e7o de custo &#8220;artigos de defesa em excesso&#8221;, equipamentos que n\u00e3o s\u00e3o mais utilizados pela Defesa americana ou em estoque excessivo.<\/p>\n\n\n\n<p>Tamb\u00e9m ser\u00e1 autorizado a participar de algumas licita\u00e7\u00f5es do Departamento de Defesa dos EUA, e ter\u00e1 maior facilidade na compra de tecnologia espacial.&nbsp;<\/p>\n\n\n\n<p>Em mar\u00e7o, Trump chegou a dizer que poderia trabalhar para o Brasil se tornar um integrante de fato da Otan e n\u00e3o s\u00f3 um aliado preferencial-, mas isso dependeria de uma aprova\u00e7\u00e3o mais ampla organiza\u00e7\u00e3o.<\/p>\n\n\n\n<p>O Brasil foi o 17\u00ba pa\u00eds a receber o status desde 1961&nbsp;e o segundo nas Am\u00e9ricas, depois da Argentina. A alian\u00e7a tem 29 membros, mas nenhum na Am\u00e9rica Latina ou situado no Atl\u00e2ntico Sul.<\/p>\n\n\n\n<p>Desde o ano passado, a Col\u00f4mbia goza do status de \u00fanico s\u00f3cio global da Otan na Am\u00e9rica Latina.<\/p>\n","protected":false},"excerpt":{"rendered":"<p>O presidente dos EUA, Donald Trump, sacramentou a promessa que fez ao presidente Jair Bolsonaro em mar\u00e7o e designou nesta quarta-feira (31) o Brasil como&hellip; <\/p>\n","protected":false},"author":1,"featured_media":108013,"comment_status":"closed","ping_status":"closed","sticky":false,"template":"","format":"standard","meta":{"sfsi_plus_gutenberg_text_before_share":"","sfsi_plus_gutenberg_show_text_before_share":"","sfsi_plus_gutenberg_icon_type":"","sfsi_plus_gutenberg_icon_alignemt":"","sfsi_plus_gutenburg_max_per_row":"","footnotes":""},"categories":[11],"tags":[],"class_list":["post-108012","post","type-post","status-publish","format-standard","has-post-thumbnail","hentry","category-politica"],"_links":{"self":[{"href":"https:\/\/www.caririemacao.com\/1\/wp-json\/wp\/v2\/posts\/108012","targetHints":{"allow":["GET"]}}],"collection":[{"href":"https:\/\/www.caririemacao.com\/1\/wp-json\/wp\/v2\/posts"}],"about":[{"href":"https:\/\/www.caririemacao.com\/1\/wp-json\/wp\/v2\/types\/post"}],"author":[{"embeddable":true,"href":"https:\/\/www.caririemacao.com\/1\/wp-json\/wp\/v2\/users\/1"}],"replies":[{"embeddable":true,"href":"https:\/\/www.caririemacao.com\/1\/wp-json\/wp\/v2\/comments?post=108012"}],"version-history":[{"count":1,"href":"https:\/\/www.caririemacao.com\/1\/wp-json\/wp\/v2\/posts\/108012\/revisions"}],"predecessor-version":[{"id":108014,"href":"https:\/\/www.caririemacao.com\/1\/wp-json\/wp\/v2\/posts\/108012\/revisions\/108014"}],"wp:featuredmedia":[{"embeddable":true,"href":"https:\/\/www.caririemacao.com\/1\/wp-json\/wp\/v2\/media\/108013"}],"wp:attachment":[{"href":"https:\/\/www.caririemacao.com\/1\/wp-json\/wp\/v2\/media?parent=108012"}],"wp:term":[{"taxonomy":"category","embeddable":true,"href":"https:\/\/www.caririemacao.com\/1\/wp-json\/wp\/v2\/categories?post=108012"},{"taxonomy":"post_tag","embeddable":true,"href":"https:\/\/www.caririemacao.com\/1\/wp-json\/wp\/v2\/tags?post=108012"}],"curies":[{"name":"wp","href":"https:\/\/api.w.org\/{rel}","templated":true}]}}