{"id":108026,"date":"2019-08-01T10:22:13","date_gmt":"2019-08-01T13:22:13","guid":{"rendered":"http:\/\/www.caririemacao.com\/1\/?p=108026"},"modified":"2019-08-01T10:22:13","modified_gmt":"2019-08-01T13:22:13","slug":"autoridades-sanitarias-do-rio-entram-em-alerta-por-surto-de-sarampo","status":"publish","type":"post","link":"https:\/\/www.caririemacao.com\/1\/2019\/08\/01\/autoridades-sanitarias-do-rio-entram-em-alerta-por-surto-de-sarampo\/","title":{"rendered":"Autoridades sanit\u00e1rias do Rio entram em alerta por surto de sarampo"},"content":{"rendered":"\n<p>O Rio de Janeiro entrou em estado de alerta hoje&nbsp;(1\u00ba) devido ao surto de sarampo no estado vizinho de S\u00e3o Paulo. Al\u00e9m de informar a popula\u00e7\u00e3o, a medida divulgada pela Secretaria Estadual de Sa\u00fade prev\u00ea a\u00e7\u00f5es como refor\u00e7o da vacina\u00e7\u00e3o em postos de sa\u00fade fluminenses.<\/p>\n\n\n\n<p>Panfletos com detalhes sobre os sintomas da doen\u00e7a e a import\u00e2ncia da imuniza\u00e7\u00e3o para previnir a contamina\u00e7\u00e3o est\u00e3o sendo distribu\u00eddos em terminais de transportes p\u00fablicos e aeroportos do estado.<\/p>\n\n\n\n<p>O Rio&nbsp;de Janeiro&nbsp;registrou, neste ano, 13 casos de sarampo. No ano passado, o estado conseguiu atingir uma cobertura vacinal de 95% da popula\u00e7\u00e3o-alvo que inclui pessoas de um ano at\u00e9 49 anos de idade.<\/p>\n\n\n\n<p>\u201cA a\u00e7\u00e3o faz parte da recomenda\u00e7\u00e3o do Minist\u00e9rio da Sa\u00fade e estamos colocando em pr\u00e1tica. A indica\u00e7\u00e3o \u00e9 fazer a administra\u00e7\u00e3o da tr\u00edplice viral (sarampo, caxumba e rub\u00e9ola) para crian\u00e7as a partir de 1 ano de idade e adultos at\u00e9 49 anos que n\u00e3o est\u00e3o em dia com a vacina. Para aqueles que t\u00eam d\u00favida se receberam ou n\u00e3o a dose, a indica\u00e7\u00e3o \u00e9 pela imuniza\u00e7\u00e3o\u201d, explicou o m\u00e9dico Alexandre Chieppe, da Secretaria Estadual de Sa\u00fade.<\/p>\n","protected":false},"excerpt":{"rendered":"<p>O Rio de Janeiro entrou em estado de alerta hoje&nbsp;(1\u00ba) devido ao surto de sarampo no estado vizinho de S\u00e3o Paulo. Al\u00e9m de informar a&hellip; <\/p>\n","protected":false},"author":1,"featured_media":59383,"comment_status":"closed","ping_status":"closed","sticky":false,"template":"","format":"standard","meta":{"sfsi_plus_gutenberg_text_before_share":"","sfsi_plus_gutenberg_show_text_before_share":"","sfsi_plus_gutenberg_icon_type":"","sfsi_plus_gutenberg_icon_alignemt":"","sfsi_plus_gutenburg_max_per_row":"","footnotes":""},"categories":[16],"tags":[],"class_list":["post-108026","post","type-post","status-publish","format-standard","has-post-thumbnail","hentry","category-saude"],"_links":{"self":[{"href":"https:\/\/www.caririemacao.com\/1\/wp-json\/wp\/v2\/posts\/108026","targetHints":{"allow":["GET"]}}],"collection":[{"href":"https:\/\/www.caririemacao.com\/1\/wp-json\/wp\/v2\/posts"}],"about":[{"href":"https:\/\/www.caririemacao.com\/1\/wp-json\/wp\/v2\/types\/post"}],"author":[{"embeddable":true,"href":"https:\/\/www.caririemacao.com\/1\/wp-json\/wp\/v2\/users\/1"}],"replies":[{"embeddable":true,"href":"https:\/\/www.caririemacao.com\/1\/wp-json\/wp\/v2\/comments?post=108026"}],"version-history":[{"count":1,"href":"https:\/\/www.caririemacao.com\/1\/wp-json\/wp\/v2\/posts\/108026\/revisions"}],"predecessor-version":[{"id":108027,"href":"https:\/\/www.caririemacao.com\/1\/wp-json\/wp\/v2\/posts\/108026\/revisions\/108027"}],"wp:featuredmedia":[{"embeddable":true,"href":"https:\/\/www.caririemacao.com\/1\/wp-json\/wp\/v2\/media\/59383"}],"wp:attachment":[{"href":"https:\/\/www.caririemacao.com\/1\/wp-json\/wp\/v2\/media?parent=108026"}],"wp:term":[{"taxonomy":"category","embeddable":true,"href":"https:\/\/www.caririemacao.com\/1\/wp-json\/wp\/v2\/categories?post=108026"},{"taxonomy":"post_tag","embeddable":true,"href":"https:\/\/www.caririemacao.com\/1\/wp-json\/wp\/v2\/tags?post=108026"}],"curies":[{"name":"wp","href":"https:\/\/api.w.org\/{rel}","templated":true}]}}