{"id":108031,"date":"2019-08-01T10:26:49","date_gmt":"2019-08-01T13:26:49","guid":{"rendered":"http:\/\/www.caririemacao.com\/1\/?p=108031"},"modified":"2019-08-01T10:26:49","modified_gmt":"2019-08-01T13:26:49","slug":"casos-de-sarampo-aumentam-em-sao-paulo","status":"publish","type":"post","link":"https:\/\/www.caririemacao.com\/1\/2019\/08\/01\/casos-de-sarampo-aumentam-em-sao-paulo\/","title":{"rendered":"Casos de sarampo aumentam em S\u00e3o Paulo"},"content":{"rendered":"\n<p>n\u00famero de casos confirmados de sarampo este ano em todo o estado de S\u00e3o Paulo subiu para 633, conforme balan\u00e7o divulgado pela Secretaria Estadual de Sa\u00fade de S\u00e3o Paulo. O balan\u00e7o inclui dados contabilizado at\u00e9 esta ter\u00e7a-feira (30). Tr\u00eas em cada quatro casos foram registrados na capital, onde foram notificados 484 casos no ano.<\/p>\n\n\n\n<p>O \u00faltimo balan\u00e7o divulgado pela secretaria trazia dados at\u00e9 o dia&nbsp;17 de julho&nbsp;e registrava 484 casos de sarampo em todo o estado. &nbsp;<\/p>\n\n\n\n<p>Por isso, a campanha de vacina\u00e7\u00e3o contra o sarampo continua em curso na capital e em 14 cidades da Grande S\u00e3o Paulo. O objetivo \u00e9 vacinar jovens e adultos entre 15 e 29 anos. A meta \u00e9 vacinar 4,4 milh\u00f5es de pessoas at\u00e9 o dia&nbsp;16 de agosto. Desde o dia&nbsp;10 de junho, apenas 799,9 mil pessoas dessa faixa et\u00e1ria foram imunizadas na regi\u00e3o.<\/p>\n\n\n\n<p>Postos de vacina\u00e7\u00e3o volantes contra o sarampo foram montados em 12 linhas de trem e metr\u00f4 da capital paulista e tamb\u00e9m no Terminal Metropolitano de S\u00e3o Mateus. Esses postos v\u00e3o funcionar at\u00e9&nbsp;sexta-feira (2).<\/p>\n\n\n\n<p>A vacina tr\u00edplice viral protege contra sarampo, rub\u00e9ola e caxumba. H\u00e1 contraindica\u00e7\u00e3o para gestantes e imunodeprimidos, como pessoas submetidas a tratamento de leucemia e pacientes oncol\u00f3gicos.<\/p>\n\n\n\n<p>O sarampo&nbsp;\u00e9 uma doen\u00e7a infecciosa aguda, provocada por v\u00edrus, grave e transmitida pela fala, tosse e espirro. A doen\u00e7a \u00e9 extremamente contagiosa, mas pode ser prevenida pela vacina. O sarampo caracteriza-se principalmente por febre alta, dor de cabe\u00e7a, manchas vermelhas no corpo, tosse, coriza, conjuntivite e manchas brancas na mucosa bucal.<\/p>\n","protected":false},"excerpt":{"rendered":"<p>n\u00famero de casos confirmados de sarampo este ano em todo o estado de S\u00e3o Paulo subiu para 633, conforme balan\u00e7o divulgado pela Secretaria Estadual de&hellip; <\/p>\n","protected":false},"author":1,"featured_media":102690,"comment_status":"closed","ping_status":"closed","sticky":false,"template":"","format":"standard","meta":{"sfsi_plus_gutenberg_text_before_share":"","sfsi_plus_gutenberg_show_text_before_share":"","sfsi_plus_gutenberg_icon_type":"","sfsi_plus_gutenberg_icon_alignemt":"","sfsi_plus_gutenburg_max_per_row":"","footnotes":""},"categories":[2],"tags":[],"class_list":["post-108031","post","type-post","status-publish","format-standard","has-post-thumbnail","hentry","category-geral"],"_links":{"self":[{"href":"https:\/\/www.caririemacao.com\/1\/wp-json\/wp\/v2\/posts\/108031","targetHints":{"allow":["GET"]}}],"collection":[{"href":"https:\/\/www.caririemacao.com\/1\/wp-json\/wp\/v2\/posts"}],"about":[{"href":"https:\/\/www.caririemacao.com\/1\/wp-json\/wp\/v2\/types\/post"}],"author":[{"embeddable":true,"href":"https:\/\/www.caririemacao.com\/1\/wp-json\/wp\/v2\/users\/1"}],"replies":[{"embeddable":true,"href":"https:\/\/www.caririemacao.com\/1\/wp-json\/wp\/v2\/comments?post=108031"}],"version-history":[{"count":1,"href":"https:\/\/www.caririemacao.com\/1\/wp-json\/wp\/v2\/posts\/108031\/revisions"}],"predecessor-version":[{"id":108032,"href":"https:\/\/www.caririemacao.com\/1\/wp-json\/wp\/v2\/posts\/108031\/revisions\/108032"}],"wp:featuredmedia":[{"embeddable":true,"href":"https:\/\/www.caririemacao.com\/1\/wp-json\/wp\/v2\/media\/102690"}],"wp:attachment":[{"href":"https:\/\/www.caririemacao.com\/1\/wp-json\/wp\/v2\/media?parent=108031"}],"wp:term":[{"taxonomy":"category","embeddable":true,"href":"https:\/\/www.caririemacao.com\/1\/wp-json\/wp\/v2\/categories?post=108031"},{"taxonomy":"post_tag","embeddable":true,"href":"https:\/\/www.caririemacao.com\/1\/wp-json\/wp\/v2\/tags?post=108031"}],"curies":[{"name":"wp","href":"https:\/\/api.w.org\/{rel}","templated":true}]}}