{"id":108041,"date":"2019-08-01T10:35:11","date_gmt":"2019-08-01T13:35:11","guid":{"rendered":"http:\/\/www.caririemacao.com\/1\/?p=108041"},"modified":"2019-08-01T10:35:11","modified_gmt":"2019-08-01T13:35:11","slug":"escola-monteiro-lobato-convida-pais-para-palestra-sobre-violencia-domestica","status":"publish","type":"post","link":"https:\/\/www.caririemacao.com\/1\/2019\/08\/01\/escola-monteiro-lobato-convida-pais-para-palestra-sobre-violencia-domestica\/","title":{"rendered":"Escola MONTEIRO LOBATO convida pais para palestra sobre viol\u00eancia dom\u00e9stica"},"content":{"rendered":"\n<p>Nesta quinta-feira, dia 01 de agosto, a escola Monteiro Lobato juntamente com a Igreja Matriz e o ECC, tem a honra de convidar os pais e\/ou respons\u00e1veis para participar da palestra sobre o seguinte tema &#8220;Viol\u00eancia Dom\u00e9stica\u201d.<br>A palestra ser\u00e1 ministrada pelo juiz da 1\u00aa Vara Mista da Comarca de Monteiro, Nilson Dias de Assis Neto, \u00e0s 19h na Igreja Matriz.<br>O convite da dire\u00e7\u00e3o para todos os pais ou respons\u00e1veis \u00e9 muito importante em virtude do tema ser tamb\u00e9m de fundamental import\u00e2ncia no que diz respeito \u00e0 estrutura familiar.<br><\/p>\n","protected":false},"excerpt":{"rendered":"<p>Nesta quinta-feira, dia 01 de agosto, a escola Monteiro Lobato juntamente com a Igreja Matriz e o ECC, tem a honra de convidar os pais&hellip; <\/p>\n","protected":false},"author":1,"featured_media":108042,"comment_status":"closed","ping_status":"closed","sticky":false,"template":"","format":"standard","meta":{"sfsi_plus_gutenberg_text_before_share":"","sfsi_plus_gutenberg_show_text_before_share":"","sfsi_plus_gutenberg_icon_type":"","sfsi_plus_gutenberg_icon_alignemt":"","sfsi_plus_gutenburg_max_per_row":"","footnotes":""},"categories":[2],"tags":[],"class_list":["post-108041","post","type-post","status-publish","format-standard","has-post-thumbnail","hentry","category-geral"],"_links":{"self":[{"href":"https:\/\/www.caririemacao.com\/1\/wp-json\/wp\/v2\/posts\/108041","targetHints":{"allow":["GET"]}}],"collection":[{"href":"https:\/\/www.caririemacao.com\/1\/wp-json\/wp\/v2\/posts"}],"about":[{"href":"https:\/\/www.caririemacao.com\/1\/wp-json\/wp\/v2\/types\/post"}],"author":[{"embeddable":true,"href":"https:\/\/www.caririemacao.com\/1\/wp-json\/wp\/v2\/users\/1"}],"replies":[{"embeddable":true,"href":"https:\/\/www.caririemacao.com\/1\/wp-json\/wp\/v2\/comments?post=108041"}],"version-history":[{"count":1,"href":"https:\/\/www.caririemacao.com\/1\/wp-json\/wp\/v2\/posts\/108041\/revisions"}],"predecessor-version":[{"id":108043,"href":"https:\/\/www.caririemacao.com\/1\/wp-json\/wp\/v2\/posts\/108041\/revisions\/108043"}],"wp:featuredmedia":[{"embeddable":true,"href":"https:\/\/www.caririemacao.com\/1\/wp-json\/wp\/v2\/media\/108042"}],"wp:attachment":[{"href":"https:\/\/www.caririemacao.com\/1\/wp-json\/wp\/v2\/media?parent=108041"}],"wp:term":[{"taxonomy":"category","embeddable":true,"href":"https:\/\/www.caririemacao.com\/1\/wp-json\/wp\/v2\/categories?post=108041"},{"taxonomy":"post_tag","embeddable":true,"href":"https:\/\/www.caririemacao.com\/1\/wp-json\/wp\/v2\/tags?post=108041"}],"curies":[{"name":"wp","href":"https:\/\/api.w.org\/{rel}","templated":true}]}}