{"id":108048,"date":"2019-08-01T12:40:44","date_gmt":"2019-08-01T15:40:44","guid":{"rendered":"http:\/\/www.caririemacao.com\/1\/?p=108048"},"modified":"2019-08-01T12:40:44","modified_gmt":"2019-08-01T15:40:44","slug":"mais-oportunidades-prefeitura-de-sao-jose-dos-cordeiros-lanca-edital-de-concurso-com-28-vagas","status":"publish","type":"post","link":"https:\/\/www.caririemacao.com\/1\/2019\/08\/01\/mais-oportunidades-prefeitura-de-sao-jose-dos-cordeiros-lanca-edital-de-concurso-com-28-vagas\/","title":{"rendered":"MAIS OPORTUNIDADES: Prefeitura de S\u00e3o Jos\u00e9 dos Cordeiros lan\u00e7a edital de concurso com 28 vagas"},"content":{"rendered":"\n<p>A Prefeitura de S\u00e3o Jos\u00e9 dos Cordeiros, localizada no Cariri Ocidental Paraibano, foi mais uma da regi\u00e3o a lan\u00e7ar edital de concurso p\u00fablico. O certame ser\u00e1 organizado pela CPCON e o edital est\u00e1 dispon\u00edvel para os interessados.<\/p>\n\n\n\n<p><strong><a href=\"https:\/\/cpcon.uepb.edu.br\/concursos\/2019_PM_SAO_JOSE_DOS_CORDEIROS\/Edital\/EDITAL_NORMATIVO_SAO_JOSE_DOS_CORDEIROS_001_2019.pdf\">CLIQUE AQUI E ACESSE O EDITAL<\/a><\/strong><\/p>\n\n\n\n<p>Ao todo est\u00e3o sendo oferecidas 28 vagas para cargos em todos os n\u00edveis de escolaridade. As inscri\u00e7\u00f5es estar\u00e3o abertas de 07 de agosto a 04 de setembro e poder\u00e3o ser feitas exclusivamente pela internet no endere\u00e7o:&nbsp;<a href=\"http:\/\/www.cpcon.uepb.edu.br\/\">www.cpcon.uepb.edu.br<\/a>.<\/p>\n\n\n\n<p>Est\u00e3o sendo ofertadas vagas para os cargos de Auxiliar de Servi\u00e7os Gerais, Eletricista, Merendeira, Operador de M\u00e1quinas, Pedreiro, Sepultador, Operador de M\u00e1quinas pesadas, Agente Comunit\u00e1rio de Sa\u00fade, Cuidador, Motorista, T\u00e9cnico em Enfermagem, T\u00e9cnico em Sa\u00fade Bucal, Assistente Social, Administrador p\u00fablico, Agroec\u00f3logo, Fisioterapeuta, Fonoaudi\u00f3logo, M\u00e9dico, Nutricionista, Odont\u00f3logo PSF, Professor A e Psicopedagogo.<\/p>\n\n\n\n<p>As provas devem ocorrer no dia 20 de outubro. As inscri\u00e7\u00f5es para os cargos de N\u00edvel Fundamental custar\u00e3o R$ 65,00, os cargos de N\u00edvel M\u00e9dio\/T\u00e9cnico R$ 85,00 e os de N\u00edvel Superior: R$ 105,00.<\/p>\n","protected":false},"excerpt":{"rendered":"<p>A Prefeitura de S\u00e3o Jos\u00e9 dos Cordeiros, localizada no Cariri Ocidental Paraibano, foi mais uma da regi\u00e3o a lan\u00e7ar edital de concurso p\u00fablico. O certame&hellip; <\/p>\n","protected":false},"author":1,"featured_media":108049,"comment_status":"closed","ping_status":"closed","sticky":false,"template":"","format":"standard","meta":{"sfsi_plus_gutenberg_text_before_share":"","sfsi_plus_gutenberg_show_text_before_share":"","sfsi_plus_gutenberg_icon_type":"","sfsi_plus_gutenberg_icon_alignemt":"","sfsi_plus_gutenburg_max_per_row":"","footnotes":""},"categories":[50,2],"tags":[],"class_list":["post-108048","post","type-post","status-publish","format-standard","has-post-thumbnail","hentry","category-destaque","category-geral"],"_links":{"self":[{"href":"https:\/\/www.caririemacao.com\/1\/wp-json\/wp\/v2\/posts\/108048","targetHints":{"allow":["GET"]}}],"collection":[{"href":"https:\/\/www.caririemacao.com\/1\/wp-json\/wp\/v2\/posts"}],"about":[{"href":"https:\/\/www.caririemacao.com\/1\/wp-json\/wp\/v2\/types\/post"}],"author":[{"embeddable":true,"href":"https:\/\/www.caririemacao.com\/1\/wp-json\/wp\/v2\/users\/1"}],"replies":[{"embeddable":true,"href":"https:\/\/www.caririemacao.com\/1\/wp-json\/wp\/v2\/comments?post=108048"}],"version-history":[{"count":1,"href":"https:\/\/www.caririemacao.com\/1\/wp-json\/wp\/v2\/posts\/108048\/revisions"}],"predecessor-version":[{"id":108050,"href":"https:\/\/www.caririemacao.com\/1\/wp-json\/wp\/v2\/posts\/108048\/revisions\/108050"}],"wp:featuredmedia":[{"embeddable":true,"href":"https:\/\/www.caririemacao.com\/1\/wp-json\/wp\/v2\/media\/108049"}],"wp:attachment":[{"href":"https:\/\/www.caririemacao.com\/1\/wp-json\/wp\/v2\/media?parent=108048"}],"wp:term":[{"taxonomy":"category","embeddable":true,"href":"https:\/\/www.caririemacao.com\/1\/wp-json\/wp\/v2\/categories?post=108048"},{"taxonomy":"post_tag","embeddable":true,"href":"https:\/\/www.caririemacao.com\/1\/wp-json\/wp\/v2\/tags?post=108048"}],"curies":[{"name":"wp","href":"https:\/\/api.w.org\/{rel}","templated":true}]}}