{"id":108054,"date":"2019-08-01T13:53:58","date_gmt":"2019-08-01T16:53:58","guid":{"rendered":"http:\/\/www.caririemacao.com\/1\/?p=108054"},"modified":"2019-08-01T13:53:58","modified_gmt":"2019-08-01T16:53:58","slug":"prefeitura-de-sume-lanca-1-festival-de-musica-ze-marcolino","status":"publish","type":"post","link":"https:\/\/www.caririemacao.com\/1\/2019\/08\/01\/prefeitura-de-sume-lanca-1-festival-de-musica-ze-marcolino\/","title":{"rendered":"Prefeitura de Sum\u00e9 lan\u00e7a 1\u00b0 Festival de M\u00fasica Z\u00e9 Marcolino"},"content":{"rendered":"\n<p>A Prefeitura de Sum\u00e9, atrav\u00e9s da Secretaria de Educa\u00e7\u00e3o lan\u00e7ou o Projeto 1\u00b0 Festival de M\u00fasica Z\u00e9 Marcolino que tem por objetivo revelar talentos no cen\u00e1rio da m\u00fasica, incentivar o desenvolvimento da cultura musical local e regional e promover a socializa\u00e7\u00e3o por meio da m\u00fasica.<\/p>\n\n\n\n<p>O Festival acontecer\u00e1 na Pra\u00e7a Jos\u00e9 Am\u00e9rico, destina-se a participantes a partir de 18 anos de idade, domiciliados no munic\u00edpio de Sum\u00e9-PB e da regi\u00e3o do Cariri Paraibano.<\/p>\n\n\n\n<p>As inscri\u00e7\u00f5es s\u00e3o gratuitas e come\u00e7am na ter\u00e7a-feira (06\/08) indo at\u00e9 20 de agosto. Os interessados devem se inscrever na Secretaria Municipal de Educa\u00e7\u00e3o, das 08h \u00e0s 14h.<\/p>\n\n\n\n<p>Para efeito de inscri\u00e7\u00e3o s\u00f3 ser\u00e1 permitida uma composi\u00e7\u00e3o para cada participante. Fica vedado o mesmo int\u00e9rprete em mais de uma can\u00e7\u00e3o.<\/p>\n\n\n\n<p>\u00c9 necess\u00e1rio o candidato preencher a ficha de inscri\u00e7\u00e3o obtida nos Anexos I e II do Edital (dispon\u00edvel no site www.sume.pb.gov.br) preenchida e assinada pelo compositor da m\u00fasica, al\u00e9m disso, apresentar:<\/p>\n\n\n\n<ol class=\"wp-block-list\"><li>a) C\u00f3pia da Carteira de Identidade;<\/li><li>b) C\u00f3pia do CPF;<\/li><li>c) Comprovante de resid\u00eancia;<\/li><li>d) Uma foto art\u00edstica;<\/li><li>e) Breve relato art\u00edstico (ver modelo Anexo III, ficha de anamnese);<\/li><li>f) C\u00f3pia da letra da m\u00fasica digitada e devidamente identificada com o nome do autor;<\/li><li>g) letra da m\u00fasica com Cifra ou com Partitura (opcional);<\/li><li>h) Autoriza\u00e7\u00e3o do compositor da m\u00fasica, acompanhada de c\u00f3pia do RG e CPF do mesmo, caso a m\u00fasica seja defendida por outro int\u00e9rprete (ver modelo Anexo II do Edital).<\/li><\/ol>\n\n\n\n<p>Na primeira etapa (pr\u00e9-sele\u00e7\u00e3o), de car\u00e1ter classificat\u00f3rio e eliminat\u00f3rio, o participante poder\u00e1 inscrever at\u00e9 02 (duas) composi\u00e7\u00f5es que ser\u00e3o julgadas por uma comiss\u00e3o.<\/p>\n\n\n\n<p>A segunda etapa acontecer\u00e1 na noite do festival, no dia 28 de setembro, com a apresenta\u00e7\u00e3o dos candidatos classificados para a fase final. Eles ser\u00e3o julgados por um corpo t\u00e9cnico e ser\u00e3o premiados nas categorias melhor m\u00fasica e melhor int\u00e9rprete.<\/p>\n\n\n\n<p>De acordo com o secret\u00e1rio de Educa\u00e7\u00e3o, Odilon Ara\u00fajo, o 1\u00b0 Festival de M\u00fasica Z\u00e9 Marcolino ser\u00e1 aberto para composi\u00e7\u00f5es in\u00e9ditas e originais de estilos e g\u00eaneros musicais do forr\u00f3 que enalte\u00e7am e retratem a cultura e as viv\u00eancias locais e regionais.<\/p>\n\n\n\n<p>\u201cO Festival al\u00e9m de homenagear o poeta e compositor Z\u00e9 Marcolino, tamb\u00e9m \u00e9 uma forma de estimular e resgatar a produ\u00e7\u00e3o autoral. Al\u00e9m disso, \u00e9 uma maneira tamb\u00e9m de valoriza\u00e7\u00e3o dos artistas da terra e da regi\u00e3o\u201d, declarou Odilon.<\/p>\n\n\n\n<p>Confira:&nbsp;<a href=\"http:\/\/www.sume.pb.gov.br\/wp-content\/uploads\/2019\/08\/EDITAL-lan%C3%A7amento-I-FESTIVAL-Z%C3%89-MARCOLINO.pdf\">EDITAL lan\u00e7amento I FESTIVAL Z\u00c9 MARCOLINO<\/a><\/p>\n\n\n\n<p>Ascom<\/p>\n","protected":false},"excerpt":{"rendered":"<p>A Prefeitura de Sum\u00e9, atrav\u00e9s da Secretaria de Educa\u00e7\u00e3o lan\u00e7ou o Projeto 1\u00b0 Festival de M\u00fasica Z\u00e9 Marcolino que tem por objetivo revelar talentos no&hellip; <\/p>\n","protected":false},"author":1,"featured_media":47467,"comment_status":"closed","ping_status":"closed","sticky":false,"template":"","format":"standard","meta":{"sfsi_plus_gutenberg_text_before_share":"","sfsi_plus_gutenberg_show_text_before_share":"","sfsi_plus_gutenberg_icon_type":"","sfsi_plus_gutenberg_icon_alignemt":"","sfsi_plus_gutenburg_max_per_row":"","footnotes":""},"categories":[2],"tags":[],"class_list":["post-108054","post","type-post","status-publish","format-standard","has-post-thumbnail","hentry","category-geral"],"_links":{"self":[{"href":"https:\/\/www.caririemacao.com\/1\/wp-json\/wp\/v2\/posts\/108054","targetHints":{"allow":["GET"]}}],"collection":[{"href":"https:\/\/www.caririemacao.com\/1\/wp-json\/wp\/v2\/posts"}],"about":[{"href":"https:\/\/www.caririemacao.com\/1\/wp-json\/wp\/v2\/types\/post"}],"author":[{"embeddable":true,"href":"https:\/\/www.caririemacao.com\/1\/wp-json\/wp\/v2\/users\/1"}],"replies":[{"embeddable":true,"href":"https:\/\/www.caririemacao.com\/1\/wp-json\/wp\/v2\/comments?post=108054"}],"version-history":[{"count":1,"href":"https:\/\/www.caririemacao.com\/1\/wp-json\/wp\/v2\/posts\/108054\/revisions"}],"predecessor-version":[{"id":108055,"href":"https:\/\/www.caririemacao.com\/1\/wp-json\/wp\/v2\/posts\/108054\/revisions\/108055"}],"wp:featuredmedia":[{"embeddable":true,"href":"https:\/\/www.caririemacao.com\/1\/wp-json\/wp\/v2\/media\/47467"}],"wp:attachment":[{"href":"https:\/\/www.caririemacao.com\/1\/wp-json\/wp\/v2\/media?parent=108054"}],"wp:term":[{"taxonomy":"category","embeddable":true,"href":"https:\/\/www.caririemacao.com\/1\/wp-json\/wp\/v2\/categories?post=108054"},{"taxonomy":"post_tag","embeddable":true,"href":"https:\/\/www.caririemacao.com\/1\/wp-json\/wp\/v2\/tags?post=108054"}],"curies":[{"name":"wp","href":"https:\/\/api.w.org\/{rel}","templated":true}]}}