{"id":108064,"date":"2019-08-01T13:58:06","date_gmt":"2019-08-01T16:58:06","guid":{"rendered":"http:\/\/www.caririemacao.com\/1\/?p=108064"},"modified":"2019-08-01T13:58:06","modified_gmt":"2019-08-01T16:58:06","slug":"criminosos-armados-realizam-assalto-e-roubam-moto-na-entrada-da-cidade-de-boqueirao","status":"publish","type":"post","link":"https:\/\/www.caririemacao.com\/1\/2019\/08\/01\/criminosos-armados-realizam-assalto-e-roubam-moto-na-entrada-da-cidade-de-boqueirao\/","title":{"rendered":"Criminosos armados realizam assalto e roubam moto na entrada da cidade de Boqueir\u00e3o"},"content":{"rendered":"\n<figure class=\"wp-block-image\"><a href=\"http:\/\/deolhonocariri.com.br\/wp-content\/uploads\/2018\/10\/policia_cirene_nova-600x341.jpg\"><img decoding=\"async\" data-src=\"https:\/\/lh5.googleusercontent.com\/proxy\/J45iGh00sSKTZLgaSqEr0OtlOFEeRVbceWHcZcbZD8TJC_x7jQTrPsq6itGakwDKc8fblfuDiz-dbKzQ6kzMOx6BHO8SwC6G3-cqX7KC3UWKCqnmZPWH796_I9QDFYs7rZtT3r270ShOyLQ=s0-d\" alt=\"\" src=\"data:image\/svg+xml;base64,PHN2ZyB3aWR0aD0iMSIgaGVpZ2h0PSIxIiB4bWxucz0iaHR0cDovL3d3dy53My5vcmcvMjAwMC9zdmciPjwvc3ZnPg==\" class=\"lazyload\" \/><\/a><\/figure>\n\n\n\n<p>&nbsp;No in\u00edcio da noite desta quarta-feira(31) um assalto foi registrado no trecho de entrada do munic\u00edpio de Boqueir\u00e3o, Cariri da Para\u00edba. Segundo informa\u00e7\u00f5es, dois homens que estavam em um ve\u00edculo fiat de cor preta, renderam o cabaceirense Ad\u00edlson que vinha em sua moto e anunciaram o assalto, obrigando o jovem a descer da moto.<br>Os criminosos ainda colocaram a arma em dire\u00e7\u00e3o de sua cabe\u00e7a e logo ap\u00f3s levaram a moto, que estava emprestada a Ad\u00edlson, mas pertence ao seu amigo Thales de Cabaceiras.<br>A moto roubada \u00e9 uma Fan 125 Vermelha,ano 2014 de Placa OFG 4763 de Barra de S\u00e3o Miguel\/PB. Al\u00e9m da moto, os criminosos levaram tamb\u00e9m o celular e a carteira com os documentos de Adeilson.<br>Ad\u00edlson foi at\u00e9 a cidade de Queimadas registrar o boletim de ocorr\u00eancia e a policia de Boqueir\u00e3o foi acionada e realiza dilig\u00eancias pela regi\u00e3o.<\/p>\n","protected":false},"excerpt":{"rendered":"<p>&nbsp;No in\u00edcio da noite desta quarta-feira(31) um assalto foi registrado no trecho de entrada do munic\u00edpio de Boqueir\u00e3o, Cariri da Para\u00edba. Segundo informa\u00e7\u00f5es, dois homens&hellip; <\/p>\n","protected":false},"author":1,"featured_media":104562,"comment_status":"closed","ping_status":"closed","sticky":false,"template":"","format":"standard","meta":{"sfsi_plus_gutenberg_text_before_share":"","sfsi_plus_gutenberg_show_text_before_share":"","sfsi_plus_gutenberg_icon_type":"","sfsi_plus_gutenberg_icon_alignemt":"","sfsi_plus_gutenburg_max_per_row":"","footnotes":""},"categories":[12],"tags":[],"class_list":["post-108064","post","type-post","status-publish","format-standard","has-post-thumbnail","hentry","category-policia"],"_links":{"self":[{"href":"https:\/\/www.caririemacao.com\/1\/wp-json\/wp\/v2\/posts\/108064","targetHints":{"allow":["GET"]}}],"collection":[{"href":"https:\/\/www.caririemacao.com\/1\/wp-json\/wp\/v2\/posts"}],"about":[{"href":"https:\/\/www.caririemacao.com\/1\/wp-json\/wp\/v2\/types\/post"}],"author":[{"embeddable":true,"href":"https:\/\/www.caririemacao.com\/1\/wp-json\/wp\/v2\/users\/1"}],"replies":[{"embeddable":true,"href":"https:\/\/www.caririemacao.com\/1\/wp-json\/wp\/v2\/comments?post=108064"}],"version-history":[{"count":1,"href":"https:\/\/www.caririemacao.com\/1\/wp-json\/wp\/v2\/posts\/108064\/revisions"}],"predecessor-version":[{"id":108065,"href":"https:\/\/www.caririemacao.com\/1\/wp-json\/wp\/v2\/posts\/108064\/revisions\/108065"}],"wp:featuredmedia":[{"embeddable":true,"href":"https:\/\/www.caririemacao.com\/1\/wp-json\/wp\/v2\/media\/104562"}],"wp:attachment":[{"href":"https:\/\/www.caririemacao.com\/1\/wp-json\/wp\/v2\/media?parent=108064"}],"wp:term":[{"taxonomy":"category","embeddable":true,"href":"https:\/\/www.caririemacao.com\/1\/wp-json\/wp\/v2\/categories?post=108064"},{"taxonomy":"post_tag","embeddable":true,"href":"https:\/\/www.caririemacao.com\/1\/wp-json\/wp\/v2\/tags?post=108064"}],"curies":[{"name":"wp","href":"https:\/\/api.w.org\/{rel}","templated":true}]}}