{"id":108069,"date":"2019-08-01T14:14:58","date_gmt":"2019-08-01T17:14:58","guid":{"rendered":"http:\/\/www.caririemacao.com\/1\/?p=108069"},"modified":"2019-08-01T14:14:58","modified_gmt":"2019-08-01T17:14:58","slug":"raquel-dodge-ressalta-reducao-no-numero-de-mortes-violentas-na-paraiba-e-diz-que-estado-da-licao-ao-pais","status":"publish","type":"post","link":"https:\/\/www.caririemacao.com\/1\/2019\/08\/01\/raquel-dodge-ressalta-reducao-no-numero-de-mortes-violentas-na-paraiba-e-diz-que-estado-da-licao-ao-pais\/","title":{"rendered":"Raquel Dodge ressalta redu\u00e7\u00e3o no n\u00famero de mortes violentas na Para\u00edba e diz que Estado &#8216;d\u00e1 li\u00e7\u00e3o ao pa\u00eds&#8217;"},"content":{"rendered":"\n<p>procuradora-geral da Rep\u00fablica, Raquel Dodge, ressaltou a redu\u00e7\u00e3o no \u00edndice de mortes violentas na Para\u00edba e enfatizou que o Estado d\u00e1 uma li\u00e7\u00e3o ao pa\u00eds sobre seguran\u00e7a p\u00fablica. Dodge esteve em Jo\u00e3o Pessoa nesta quarta-feira (31) para participar da abertura do 13\u00b0 F\u00f3rum Brasileiro de Seguran\u00e7a P\u00fablica do Brasil.<\/p>\n\n\n\n<p>Em sua fala, a procuradora-geral da Rep\u00fablica apontou que \u201cas institui\u00e7\u00f5es que temos, poucas vezes, n\u00e3o nos conduzem a caminhos seguros. \u00c9 preciso trabalhar com dados, com valores, diretrizes, metas e indicadores\u201d.<\/p>\n\n\n\n<p>A constru\u00e7\u00e3o das pol\u00edticas de seguran\u00e7a p\u00fablica, como refor\u00e7a Raquel Dodge, deve ser feita com \u00eanfase no combate \u00e0 viol\u00eancia e evid\u00eancias concretas. Apesar do aumento no \u00edndice em v\u00e1rios estados brasileiros, a Para\u00edba segue reduzindo os n\u00fameros.<\/p>\n\n\n\n<p>\u201cQuando a Para\u00edba anuncia quase oito anos de decr\u00e9scimo nos \u00edndices de mortes violentas no Estado d\u00e1 uma li\u00e7\u00e3o para o pa\u00eds de como construir uma pol\u00edtica que conduza a resultados sustent\u00e1veis, persistentes no rumo \u00e0 paz social\u201d, destacou a procuradora-geral da Rep\u00fablica.<\/p>\n\n\n\n<p>Apesar dos avan\u00e7os, Dodge lamenta que muitas pessoas busquem justi\u00e7a com as pr\u00f3prias m\u00e3os. \u201cA lei de tali\u00e3o, no entanto, continua a ser usada por muitos em nome da autodefesa. Essa \u00e9 uma lei que \u00e9 incompat\u00edvel com o estado democr\u00e1tico de direito e a ideia \u00e9 que o Estado, ao assumir o dever da Seguran\u00e7a P\u00fablica, assume o dever de promover justi\u00e7a no lugar de vingan\u00e7a individual e pessoal\u201d, afirmou.<\/p>\n\n\n\n<p>Al\u00e9m da procuradora, participam do evento, o governador Jo\u00e3o Azev\u00eado, o secret\u00e1rio de Seguran\u00e7a P\u00fablica do estado, Jean Nunes, o ex- ministro da Seguran\u00e7a P\u00fablica, Raul Jungmann e o deputado federal Marcelo Freixo.<\/p>\n","protected":false},"excerpt":{"rendered":"<p>procuradora-geral da Rep\u00fablica, Raquel Dodge, ressaltou a redu\u00e7\u00e3o no \u00edndice de mortes violentas na Para\u00edba e enfatizou que o Estado d\u00e1 uma li\u00e7\u00e3o ao pa\u00eds&hellip; <\/p>\n","protected":false},"author":1,"featured_media":108070,"comment_status":"closed","ping_status":"closed","sticky":false,"template":"","format":"standard","meta":{"sfsi_plus_gutenberg_text_before_share":"","sfsi_plus_gutenberg_show_text_before_share":"","sfsi_plus_gutenberg_icon_type":"","sfsi_plus_gutenberg_icon_alignemt":"","sfsi_plus_gutenburg_max_per_row":"","footnotes":""},"categories":[2],"tags":[],"class_list":["post-108069","post","type-post","status-publish","format-standard","has-post-thumbnail","hentry","category-geral"],"_links":{"self":[{"href":"https:\/\/www.caririemacao.com\/1\/wp-json\/wp\/v2\/posts\/108069","targetHints":{"allow":["GET"]}}],"collection":[{"href":"https:\/\/www.caririemacao.com\/1\/wp-json\/wp\/v2\/posts"}],"about":[{"href":"https:\/\/www.caririemacao.com\/1\/wp-json\/wp\/v2\/types\/post"}],"author":[{"embeddable":true,"href":"https:\/\/www.caririemacao.com\/1\/wp-json\/wp\/v2\/users\/1"}],"replies":[{"embeddable":true,"href":"https:\/\/www.caririemacao.com\/1\/wp-json\/wp\/v2\/comments?post=108069"}],"version-history":[{"count":1,"href":"https:\/\/www.caririemacao.com\/1\/wp-json\/wp\/v2\/posts\/108069\/revisions"}],"predecessor-version":[{"id":108071,"href":"https:\/\/www.caririemacao.com\/1\/wp-json\/wp\/v2\/posts\/108069\/revisions\/108071"}],"wp:featuredmedia":[{"embeddable":true,"href":"https:\/\/www.caririemacao.com\/1\/wp-json\/wp\/v2\/media\/108070"}],"wp:attachment":[{"href":"https:\/\/www.caririemacao.com\/1\/wp-json\/wp\/v2\/media?parent=108069"}],"wp:term":[{"taxonomy":"category","embeddable":true,"href":"https:\/\/www.caririemacao.com\/1\/wp-json\/wp\/v2\/categories?post=108069"},{"taxonomy":"post_tag","embeddable":true,"href":"https:\/\/www.caririemacao.com\/1\/wp-json\/wp\/v2\/tags?post=108069"}],"curies":[{"name":"wp","href":"https:\/\/api.w.org\/{rel}","templated":true}]}}