{"id":108077,"date":"2019-08-01T14:17:45","date_gmt":"2019-08-01T17:17:45","guid":{"rendered":"http:\/\/www.caririemacao.com\/1\/?p=108077"},"modified":"2019-08-01T14:17:45","modified_gmt":"2019-08-01T17:17:45","slug":"crianca-de-5-anos-e-atingida-por-tiro-de-espingarda-no-sertao-da-paraiba","status":"publish","type":"post","link":"https:\/\/www.caririemacao.com\/1\/2019\/08\/01\/crianca-de-5-anos-e-atingida-por-tiro-de-espingarda-no-sertao-da-paraiba\/","title":{"rendered":"Crian\u00e7a de 5 anos \u00e9 atingida por tiro de espingarda no Sert\u00e3o da Para\u00edba"},"content":{"rendered":"\n<p>Uma menina de 5 anos de idade, natural de Carrapateira, regi\u00e3o de Cajazeiras,&nbsp;no Sert\u00e3o da Para\u00edba, foi atingida com um tiro de espingarda,&nbsp;na tarde desta quinta-feira (1\u00ba).&nbsp;A arma seria de um tio da m\u00e3e da menina.&nbsp;<\/p>\n\n\n\n<p>A Pol\u00edcia Militar informou que&nbsp;o tiro que atingiu a crian\u00e7a,&nbsp;de uma espingarda soca soca, foi&nbsp;foi acidental.<\/p>\n\n\n\n<p>A fam\u00edlia n\u00e3o sabe informar se a crian\u00e7a estava brincando com a arma ou a espingarda caiu e atingiu a menina.<\/p>\n\n\n\n<p>A v\u00edtima foi socorrida pelo Samu e encaminhada ao Hospital Regional de Cajazeiras.<\/p>\n\n\n\n<p>Segundo a equipe do hospital, o tiro atingiu o queixo da menina, que foi levada para o bloco cir\u00fargico. Ela&nbsp;est\u00e1 entubada e vai ser transferida para o Hospital de trauma de Campina Grande.&nbsp;<\/p>\n","protected":false},"excerpt":{"rendered":"<p>Uma menina de 5 anos de idade, natural de Carrapateira, regi\u00e3o de Cajazeiras,&nbsp;no Sert\u00e3o da Para\u00edba, foi atingida com um tiro de espingarda,&nbsp;na tarde desta&hellip; <\/p>\n","protected":false},"author":1,"featured_media":52385,"comment_status":"closed","ping_status":"closed","sticky":false,"template":"","format":"standard","meta":{"sfsi_plus_gutenberg_text_before_share":"","sfsi_plus_gutenberg_show_text_before_share":"","sfsi_plus_gutenberg_icon_type":"","sfsi_plus_gutenberg_icon_alignemt":"","sfsi_plus_gutenburg_max_per_row":"","footnotes":""},"categories":[12],"tags":[],"class_list":["post-108077","post","type-post","status-publish","format-standard","has-post-thumbnail","hentry","category-policia"],"_links":{"self":[{"href":"https:\/\/www.caririemacao.com\/1\/wp-json\/wp\/v2\/posts\/108077","targetHints":{"allow":["GET"]}}],"collection":[{"href":"https:\/\/www.caririemacao.com\/1\/wp-json\/wp\/v2\/posts"}],"about":[{"href":"https:\/\/www.caririemacao.com\/1\/wp-json\/wp\/v2\/types\/post"}],"author":[{"embeddable":true,"href":"https:\/\/www.caririemacao.com\/1\/wp-json\/wp\/v2\/users\/1"}],"replies":[{"embeddable":true,"href":"https:\/\/www.caririemacao.com\/1\/wp-json\/wp\/v2\/comments?post=108077"}],"version-history":[{"count":1,"href":"https:\/\/www.caririemacao.com\/1\/wp-json\/wp\/v2\/posts\/108077\/revisions"}],"predecessor-version":[{"id":108079,"href":"https:\/\/www.caririemacao.com\/1\/wp-json\/wp\/v2\/posts\/108077\/revisions\/108079"}],"wp:featuredmedia":[{"embeddable":true,"href":"https:\/\/www.caririemacao.com\/1\/wp-json\/wp\/v2\/media\/52385"}],"wp:attachment":[{"href":"https:\/\/www.caririemacao.com\/1\/wp-json\/wp\/v2\/media?parent=108077"}],"wp:term":[{"taxonomy":"category","embeddable":true,"href":"https:\/\/www.caririemacao.com\/1\/wp-json\/wp\/v2\/categories?post=108077"},{"taxonomy":"post_tag","embeddable":true,"href":"https:\/\/www.caririemacao.com\/1\/wp-json\/wp\/v2\/tags?post=108077"}],"curies":[{"name":"wp","href":"https:\/\/api.w.org\/{rel}","templated":true}]}}