{"id":108082,"date":"2019-08-01T14:21:07","date_gmt":"2019-08-01T17:21:07","guid":{"rendered":"http:\/\/www.caririemacao.com\/1\/?p=108082"},"modified":"2019-08-01T14:21:07","modified_gmt":"2019-08-01T17:21:07","slug":"dony-de-nuccio-pede-demissao-da-globo-apos-escandalo-milionario-com-banco","status":"publish","type":"post","link":"https:\/\/www.caririemacao.com\/1\/2019\/08\/01\/dony-de-nuccio-pede-demissao-da-globo-apos-escandalo-milionario-com-banco\/","title":{"rendered":"Dony De Nuccio pede demiss\u00e3o da Globo ap\u00f3s esc\u00e2ndalo milion\u00e1rio com banco"},"content":{"rendered":"\n<p>O jornalista Dony De Nuccio pediu demiss\u00e3o da Globo ap\u00f3s ser revelado o envolvimento do \u00e2ncora do Jornal Hoje em negocia\u00e7\u00f5es com clientes de uma empresa de comunica\u00e7\u00e3o que ele abriu em 2017. Nesta quinta-feira (1\u00ba), De Nuccio enviou e-mail a Ali Kamel, diretor-geral de Jornalismo, reconhecendo que contrariou o c\u00f3digo de conduta dos jornalistas da emissora e, por isso, decidiu apresentar sua carta de demiss\u00e3o. O executivo aceitou a decis\u00e3o \u201ccom pesar\u201d.<\/p>\n\n\n\n<p>A sa\u00edda do \u00e2ncora exatamente dois anos ap\u00f3s assumir a bancada do Jornal Hoje (ele estreou em 1\u00ba de agosto de 2017) interrompe uma carreira mete\u00f3rica. Ele j\u00e1 era apresentador substituto do Fant\u00e1stico e do Jornal Nacional e visto como candidato \u00e0 vaga de William Bonner na bancada do principal telejornal do pa\u00eds.<\/p>\n\n\n\n<p>No e-mail a Ali Kamel, De Nuccio reconhece que se envolveu em \u201cservi\u00e7o pontual que pode ser interpretado como assessoria de imprensa\u201d, o que viola as normas de quase todos os ve\u00edculos de comunica\u00e7\u00e3o. Ele reclamou de ter sido v\u00edtima de \u201ccampanha para me destruir e sangrar a qualquer custo\u201d e de \u201ccriminosa invas\u00e3o de computadores, arquivos e mensagens\u201d.<\/p>\n\n\n\n<p>Depois de revelar que Dony faturou R$ 7 milh\u00f5es escondido da Globo em uma negocia\u00e7\u00e3o com o banco Bradesco, surgiu um outro e-mail que mostrava que De Nuccio esteve envolvido ativamente na negocia\u00e7\u00e3o de um contrato com o Banco Bradesco que geraria uma receita de R$ 60.436.800 em tr\u00eas anos. Antes, ele havia negado que participava diretamente das discuss\u00f5es de valores.<\/p>\n\n\n\n<p>\u201cProcurei vasculhar o hist\u00f3rico de dois anos de emails enviados por mim enquanto cumpria fun\u00e7\u00e3o na empresa. De fato, na esmagadora maioria das vezes, eu n\u00e3o tratava de valores com contratantes. Mas, em algumas circunst\u00e2ncias pontuais, e das quais eu sinceramente n\u00e3o me recordava, h\u00e1 sim men\u00e7\u00e3o a cifras e projetos\u201d, discursa De Nuccio no e-mail enviado a Kamel (leia na \u00edntegra ao fim do texto).<\/p>\n\n\n\n<p>Pressionado pela reportagem e advertido pela emissora, apresentou sua carta de demiss\u00e3o. Na mensagem, alega ser alvo e v\u00edtima. \u201cEssa cont\u00ednua campanha para me destruir e sangrar a qualquer custo n\u00e3o pode prosperar. N\u00e3o faz bem nem a mim, nem \u00e0 minha fam\u00edlia e nem \u00e0 emissora. N\u00e3o \u00e9 justo com nenhum de n\u00f3s.\u201d<\/p>\n\n\n\n<p>Na sexta-feira passada (26), Samy Dana j\u00e1 havia sido dispensado pela Globo. Ele era contratado do grupo desde janeiro de 2013 e somava, al\u00e9m de suas entradas na TV, uma coluna nos jornais O Globo e Valor Econ\u00f4mico, no portal G1 e na R\u00e1dio Globo. As informa\u00e7\u00f5es s\u00e3o do Not\u00edcias da TV.<\/p>\n","protected":false},"excerpt":{"rendered":"<p>O jornalista Dony De Nuccio pediu demiss\u00e3o da Globo ap\u00f3s ser revelado o envolvimento do \u00e2ncora do Jornal Hoje em negocia\u00e7\u00f5es com clientes de uma&hellip; <\/p>\n","protected":false},"author":1,"featured_media":108083,"comment_status":"closed","ping_status":"closed","sticky":false,"template":"","format":"standard","meta":{"sfsi_plus_gutenberg_text_before_share":"","sfsi_plus_gutenberg_show_text_before_share":"","sfsi_plus_gutenberg_icon_type":"","sfsi_plus_gutenberg_icon_alignemt":"","sfsi_plus_gutenburg_max_per_row":"","footnotes":""},"categories":[2],"tags":[],"class_list":["post-108082","post","type-post","status-publish","format-standard","has-post-thumbnail","hentry","category-geral"],"_links":{"self":[{"href":"https:\/\/www.caririemacao.com\/1\/wp-json\/wp\/v2\/posts\/108082","targetHints":{"allow":["GET"]}}],"collection":[{"href":"https:\/\/www.caririemacao.com\/1\/wp-json\/wp\/v2\/posts"}],"about":[{"href":"https:\/\/www.caririemacao.com\/1\/wp-json\/wp\/v2\/types\/post"}],"author":[{"embeddable":true,"href":"https:\/\/www.caririemacao.com\/1\/wp-json\/wp\/v2\/users\/1"}],"replies":[{"embeddable":true,"href":"https:\/\/www.caririemacao.com\/1\/wp-json\/wp\/v2\/comments?post=108082"}],"version-history":[{"count":1,"href":"https:\/\/www.caririemacao.com\/1\/wp-json\/wp\/v2\/posts\/108082\/revisions"}],"predecessor-version":[{"id":108084,"href":"https:\/\/www.caririemacao.com\/1\/wp-json\/wp\/v2\/posts\/108082\/revisions\/108084"}],"wp:featuredmedia":[{"embeddable":true,"href":"https:\/\/www.caririemacao.com\/1\/wp-json\/wp\/v2\/media\/108083"}],"wp:attachment":[{"href":"https:\/\/www.caririemacao.com\/1\/wp-json\/wp\/v2\/media?parent=108082"}],"wp:term":[{"taxonomy":"category","embeddable":true,"href":"https:\/\/www.caririemacao.com\/1\/wp-json\/wp\/v2\/categories?post=108082"},{"taxonomy":"post_tag","embeddable":true,"href":"https:\/\/www.caririemacao.com\/1\/wp-json\/wp\/v2\/tags?post=108082"}],"curies":[{"name":"wp","href":"https:\/\/api.w.org\/{rel}","templated":true}]}}