{"id":108095,"date":"2019-08-01T14:35:21","date_gmt":"2019-08-01T17:35:21","guid":{"rendered":"http:\/\/www.caririemacao.com\/1\/?p=108095"},"modified":"2019-08-01T14:35:21","modified_gmt":"2019-08-01T17:35:21","slug":"bolsonaro-designacao-do-brasil-como-aliado-extra-otan-e-bem-vinda","status":"publish","type":"post","link":"https:\/\/www.caririemacao.com\/1\/2019\/08\/01\/bolsonaro-designacao-do-brasil-como-aliado-extra-otan-e-bem-vinda\/","title":{"rendered":"Bolsonaro: designa\u00e7\u00e3o do Brasil como aliado extra-Otan \u00e9 \u201cbem-vinda&#8221;"},"content":{"rendered":"\n<p>O presidente Jair Bolsonaro comentou hoje (1\u00ba) o an\u00fancio da designa\u00e7\u00e3o oficial do&nbsp;<a href=\"http:\/\/agenciabrasil.ebc.com.br\/internacional\/noticia\/2019-08\/estados-unidos-designam-oficialmente-brasil-como-aliado-extra-otan\" target=\"_blank\" rel=\"noreferrer noopener\">Brasil como aliado militar preferencial&nbsp;<\/a>do pa\u00eds fora da Organiza\u00e7\u00e3o do Tratado do Atl\u00e2ntico Norte (Otan). Segundo ele, o assunto foi tratado com o presidente Donald Trump durante sua visita aos Estados Unidos em mar\u00e7o.<\/p>\n\n\n\n<p>\u201c\u00c9 bem-vinda nossa participa\u00e7\u00e3o como grande aliado extra-Otan, que facilita muitas coisas. O mais importante \u00e9 quest\u00e3o de defesa, compra de armamento, algumas tecnologias. Alguma coisa sempre interessa pra gente. Como regra, um pa\u00eds da Otan uma vez agredido, todo mundo est\u00e1 junto\u201d, disse Bolsonaro nesta manh\u00e3, ao deixar o Pal\u00e1cio da Alvorada.<\/p>\n\n\n\n<p>Com o an\u00fancio, feito na noite de ontem (31), o Brasil se torna o segundo pa\u00eds da Am\u00e9rica Latina, depois da Argentina, a receber o&nbsp;<em>status<\/em>&nbsp;especial, que permitir\u00e1 aprofundar a coopera\u00e7\u00e3o militar bilateral. Al\u00e9m deles, outros 16 pa\u00edses j\u00e1 foram declarados aliados extra-Otan pelo governo americano.<\/p>\n\n\n\n<p>Trump havia indicado que pretendia nomear o Brasil como aliado preferencial extra-Otan quando o presidente Jair Bolsonaro visitou a Casa Branca em mar\u00e7o.<\/p>\n\n\n\n<p>O&nbsp;<em>status<\/em>&nbsp;d\u00e1 ao Brasil o direito de tornar-se comprador preferencial de equipamentos e tecnologias militares dos Estados Unidos, al\u00e9m de participar de leil\u00f5es organizados pelo Pent\u00e1gono. A medida tamb\u00e9m abre caminho para a colabora\u00e7\u00e3o no desenvolvimento de solu\u00e7\u00f5es de defesa e o aumento dos interc\u00e2mbios militares e a realiza\u00e7\u00e3o de manobras conjuntas entre as For\u00e7as Armadas dos dois pa\u00edses.<\/p>\n\n\n\n<h2 class=\"wp-block-heading\">Itamaraty<\/h2>\n\n\n\n<p>Em nota, o Minist\u00e9rio das Rela\u00e7\u00f5es Exteriores disse que a classifica\u00e7\u00e3o estabelece um arcabou\u00e7o de coopera\u00e7\u00e3o de longo prazo com os Estados Unidos, facilitando o acesso a produtos de defesa para equipar as For\u00e7as Armadas e a coopera\u00e7\u00e3o de forma preferencial e estrat\u00e9gica com o pa\u00eds norte-americano.<\/p>\n\n\n\n<p>\u201cA designa\u00e7\u00e3o dever\u00e1 favorecer o aprofundamento das rela\u00e7\u00f5es bilaterais em defesa, fortalecendo a aproxima\u00e7\u00e3o j\u00e1 em curso entre o Minist\u00e9rio de Defesa brasileiro e o Departamento de Defesa dos EUA, particularmente no que tange ao acesso e desenvolvimento conjunto de tecnologias e projetos e a uma maior integra\u00e7\u00e3o da cadeia produtiva das bases industriais de defesa nos dois pa\u00edses\u201d, informa o Itamaraty.<\/p>\n","protected":false},"excerpt":{"rendered":"<p>O presidente Jair Bolsonaro comentou hoje (1\u00ba) o an\u00fancio da designa\u00e7\u00e3o oficial do&nbsp;Brasil como aliado militar preferencial&nbsp;do pa\u00eds fora da Organiza\u00e7\u00e3o do Tratado do Atl\u00e2ntico&hellip; <\/p>\n","protected":false},"author":1,"featured_media":107081,"comment_status":"closed","ping_status":"closed","sticky":false,"template":"","format":"standard","meta":{"sfsi_plus_gutenberg_text_before_share":"","sfsi_plus_gutenberg_show_text_before_share":"","sfsi_plus_gutenberg_icon_type":"","sfsi_plus_gutenberg_icon_alignemt":"","sfsi_plus_gutenburg_max_per_row":"","footnotes":""},"categories":[11],"tags":[],"class_list":["post-108095","post","type-post","status-publish","format-standard","has-post-thumbnail","hentry","category-politica"],"_links":{"self":[{"href":"https:\/\/www.caririemacao.com\/1\/wp-json\/wp\/v2\/posts\/108095","targetHints":{"allow":["GET"]}}],"collection":[{"href":"https:\/\/www.caririemacao.com\/1\/wp-json\/wp\/v2\/posts"}],"about":[{"href":"https:\/\/www.caririemacao.com\/1\/wp-json\/wp\/v2\/types\/post"}],"author":[{"embeddable":true,"href":"https:\/\/www.caririemacao.com\/1\/wp-json\/wp\/v2\/users\/1"}],"replies":[{"embeddable":true,"href":"https:\/\/www.caririemacao.com\/1\/wp-json\/wp\/v2\/comments?post=108095"}],"version-history":[{"count":1,"href":"https:\/\/www.caririemacao.com\/1\/wp-json\/wp\/v2\/posts\/108095\/revisions"}],"predecessor-version":[{"id":108096,"href":"https:\/\/www.caririemacao.com\/1\/wp-json\/wp\/v2\/posts\/108095\/revisions\/108096"}],"wp:featuredmedia":[{"embeddable":true,"href":"https:\/\/www.caririemacao.com\/1\/wp-json\/wp\/v2\/media\/107081"}],"wp:attachment":[{"href":"https:\/\/www.caririemacao.com\/1\/wp-json\/wp\/v2\/media?parent=108095"}],"wp:term":[{"taxonomy":"category","embeddable":true,"href":"https:\/\/www.caririemacao.com\/1\/wp-json\/wp\/v2\/categories?post=108095"},{"taxonomy":"post_tag","embeddable":true,"href":"https:\/\/www.caririemacao.com\/1\/wp-json\/wp\/v2\/tags?post=108095"}],"curies":[{"name":"wp","href":"https:\/\/api.w.org\/{rel}","templated":true}]}}