{"id":108102,"date":"2019-08-01T15:18:55","date_gmt":"2019-08-01T18:18:55","guid":{"rendered":"http:\/\/www.caririemacao.com\/1\/?p=108102"},"modified":"2019-08-01T15:18:55","modified_gmt":"2019-08-01T18:18:55","slug":"cariri-podera-ter-madrugadas-com-temperaturas-de-ate-12-c-diz-aesa","status":"publish","type":"post","link":"https:\/\/www.caririemacao.com\/1\/2019\/08\/01\/cariri-podera-ter-madrugadas-com-temperaturas-de-ate-12-c-diz-aesa\/","title":{"rendered":"Cariri poder\u00e1 ter madrugadas com temperaturas de at\u00e9 12 \u00b0C, diz Aesa"},"content":{"rendered":"\n<p>meteorologista da Ag\u00eancia Executiva da Gest\u00e3o das \u00c1guas do Estado da Para\u00edba (AESA), Carmem Becker, disse que o m\u00eas de Agosto ser\u00e1 o mais frio do ano na Para\u00edba.<\/p>\n\n\n\n<p>Ela ressaltou que este \u00e9 o per\u00edodo chuvoso da regi\u00e3o leste, que vai do Litoral ao Brejo, mas o Cariri e Sert\u00e3o s\u00e3o as regi\u00f5es que v\u00e3o registrar as temperaturas mais baixas.<\/p>\n\n\n\n<p>\u2013 Estamos em pleno per\u00edodo de chuvas do leste da Para\u00edba, que vai do Litoral, Brejo e Agreste. Em Campina Grande teremos chuvas espa\u00e7as, com per\u00edodos de sol e depois voltando a chover. Nos pr\u00f3ximos dias vai ter bastante frio durante o dia, com temperaturas pr\u00f3ximas \u00e0 da noite. A primeira quinzena de agosto \u00e9 o per\u00edodo onde registramos as temperaturas mais baixas durante a madrugada no Estado como um todo. J\u00e1 na segunda, a tend\u00eancia \u00e9 diminuir a quantidade de nebulosidade e o c\u00e9u ficar mais aberto \u2013 disse.<\/p>\n\n\n\n<p>Becker disse que as madrugadas do m\u00eas de Agosto podem registrar temperaturas com m\u00ednima de 16 \u00b0C em algumas regi\u00f5es, e no Cariri de at\u00e9 12 \u00b0C.<\/p>\n","protected":false},"excerpt":{"rendered":"<p>meteorologista da Ag\u00eancia Executiva da Gest\u00e3o das \u00c1guas do Estado da Para\u00edba (AESA), Carmem Becker, disse que o m\u00eas de Agosto ser\u00e1 o mais frio&hellip; <\/p>\n","protected":false},"author":1,"featured_media":108105,"comment_status":"closed","ping_status":"closed","sticky":false,"template":"","format":"standard","meta":{"sfsi_plus_gutenberg_text_before_share":"","sfsi_plus_gutenberg_show_text_before_share":"","sfsi_plus_gutenberg_icon_type":"","sfsi_plus_gutenberg_icon_alignemt":"","sfsi_plus_gutenburg_max_per_row":"","footnotes":""},"categories":[6],"tags":[],"class_list":["post-108102","post","type-post","status-publish","format-standard","has-post-thumbnail","hentry","category-cidades"],"_links":{"self":[{"href":"https:\/\/www.caririemacao.com\/1\/wp-json\/wp\/v2\/posts\/108102","targetHints":{"allow":["GET"]}}],"collection":[{"href":"https:\/\/www.caririemacao.com\/1\/wp-json\/wp\/v2\/posts"}],"about":[{"href":"https:\/\/www.caririemacao.com\/1\/wp-json\/wp\/v2\/types\/post"}],"author":[{"embeddable":true,"href":"https:\/\/www.caririemacao.com\/1\/wp-json\/wp\/v2\/users\/1"}],"replies":[{"embeddable":true,"href":"https:\/\/www.caririemacao.com\/1\/wp-json\/wp\/v2\/comments?post=108102"}],"version-history":[{"count":1,"href":"https:\/\/www.caririemacao.com\/1\/wp-json\/wp\/v2\/posts\/108102\/revisions"}],"predecessor-version":[{"id":108106,"href":"https:\/\/www.caririemacao.com\/1\/wp-json\/wp\/v2\/posts\/108102\/revisions\/108106"}],"wp:featuredmedia":[{"embeddable":true,"href":"https:\/\/www.caririemacao.com\/1\/wp-json\/wp\/v2\/media\/108105"}],"wp:attachment":[{"href":"https:\/\/www.caririemacao.com\/1\/wp-json\/wp\/v2\/media?parent=108102"}],"wp:term":[{"taxonomy":"category","embeddable":true,"href":"https:\/\/www.caririemacao.com\/1\/wp-json\/wp\/v2\/categories?post=108102"},{"taxonomy":"post_tag","embeddable":true,"href":"https:\/\/www.caririemacao.com\/1\/wp-json\/wp\/v2\/tags?post=108102"}],"curies":[{"name":"wp","href":"https:\/\/api.w.org\/{rel}","templated":true}]}}