{"id":108104,"date":"2019-08-01T15:22:26","date_gmt":"2019-08-01T18:22:26","guid":{"rendered":"http:\/\/www.caririemacao.com\/1\/?p=108104"},"modified":"2019-08-01T15:23:52","modified_gmt":"2019-08-01T18:23:52","slug":"homem-e-preso-por-posse-ilegal-de-arma-em-sao-sebastiao-do-umbuzeiro","status":"publish","type":"post","link":"https:\/\/www.caririemacao.com\/1\/2019\/08\/01\/homem-e-preso-por-posse-ilegal-de-arma-em-sao-sebastiao-do-umbuzeiro\/","title":{"rendered":"Homem \u00e9 preso por posse ilegal de arma em S\u00e3o Sebasti\u00e3o do Umbuzeiro"},"content":{"rendered":"\n<p>Ao realizar rondas na zona rural de S\u00e3o Sebasti\u00e3o do Umbuzeiro, no Cariri Paraibano, a Pol\u00edcia Militar prendeu um homem por posse ilegal de arma de fogo. <\/p>\n\n\n\n<p>A\u00e7\u00e3o aconteceu por volta de meio dia desta quinta-feira, dia 01\/08, quando a PM abordou o homem conhecido Luciano Ferreira dos Santos que estava em uma motocicleta e sem documentos. Imediatamente a PM foi at\u00e9 resid\u00eancia do acusado localizada no S\u00edtio Boa Sorte, afim de o identificar, momento em que ele relatou ter a posse de uma espingarda.<\/p>\n\n\n\n<p>Luciano autorizou a PM vistoriar seu quarto, local onde foram\nencontradas duas espingardas de fabrica\u00e7\u00e3o caseira, tipo soca-soca.<\/p>\n\n\n\n<p>A PM deu voz de pris\u00e3o ao mesmo que foi conduzido \u00e0 DP de Monteiro para ser apresentado juntamente com o material apreendido, para provid\u00eancias.<\/p>\n\n\n\n<p>\u00c9 mais uma a\u00e7\u00e3o exitosa da CPE-ROTAM que faz parte do 11\u00b0 BPM comandado pelo major Samaroni e o subcomandante major Bruno.<\/p>\n","protected":false},"excerpt":{"rendered":"<p>Ao realizar rondas na zona rural de S\u00e3o Sebasti\u00e3o do Umbuzeiro, no Cariri Paraibano, a Pol\u00edcia Militar prendeu um homem por posse ilegal de arma&hellip; <\/p>\n","protected":false},"author":2,"featured_media":108111,"comment_status":"closed","ping_status":"closed","sticky":false,"template":"","format":"standard","meta":{"sfsi_plus_gutenberg_text_before_share":"","sfsi_plus_gutenberg_show_text_before_share":"","sfsi_plus_gutenberg_icon_type":"","sfsi_plus_gutenberg_icon_alignemt":"","sfsi_plus_gutenburg_max_per_row":"","footnotes":""},"categories":[50,12],"tags":[],"class_list":["post-108104","post","type-post","status-publish","format-standard","has-post-thumbnail","hentry","category-destaque","category-policia"],"_links":{"self":[{"href":"https:\/\/www.caririemacao.com\/1\/wp-json\/wp\/v2\/posts\/108104","targetHints":{"allow":["GET"]}}],"collection":[{"href":"https:\/\/www.caririemacao.com\/1\/wp-json\/wp\/v2\/posts"}],"about":[{"href":"https:\/\/www.caririemacao.com\/1\/wp-json\/wp\/v2\/types\/post"}],"author":[{"embeddable":true,"href":"https:\/\/www.caririemacao.com\/1\/wp-json\/wp\/v2\/users\/2"}],"replies":[{"embeddable":true,"href":"https:\/\/www.caririemacao.com\/1\/wp-json\/wp\/v2\/comments?post=108104"}],"version-history":[{"count":2,"href":"https:\/\/www.caririemacao.com\/1\/wp-json\/wp\/v2\/posts\/108104\/revisions"}],"predecessor-version":[{"id":108113,"href":"https:\/\/www.caririemacao.com\/1\/wp-json\/wp\/v2\/posts\/108104\/revisions\/108113"}],"wp:featuredmedia":[{"embeddable":true,"href":"https:\/\/www.caririemacao.com\/1\/wp-json\/wp\/v2\/media\/108111"}],"wp:attachment":[{"href":"https:\/\/www.caririemacao.com\/1\/wp-json\/wp\/v2\/media?parent=108104"}],"wp:term":[{"taxonomy":"category","embeddable":true,"href":"https:\/\/www.caririemacao.com\/1\/wp-json\/wp\/v2\/categories?post=108104"},{"taxonomy":"post_tag","embeddable":true,"href":"https:\/\/www.caririemacao.com\/1\/wp-json\/wp\/v2\/tags?post=108104"}],"curies":[{"name":"wp","href":"https:\/\/api.w.org\/{rel}","templated":true}]}}