{"id":108110,"date":"2019-08-01T15:52:00","date_gmt":"2019-08-01T18:52:00","guid":{"rendered":"http:\/\/www.caririemacao.com\/1\/?p=108110"},"modified":"2019-08-01T15:52:00","modified_gmt":"2019-08-01T18:52:00","slug":"primeira-chance-lanca-mais-dois-editais-com-90-vagas-de-estagio","status":"publish","type":"post","link":"https:\/\/www.caririemacao.com\/1\/2019\/08\/01\/primeira-chance-lanca-mais-dois-editais-com-90-vagas-de-estagio\/","title":{"rendered":"Primeira Chance lan\u00e7a mais dois editais com 90 vagas de est\u00e1gio"},"content":{"rendered":"\n<p>&nbsp;Secretaria de Estado da Educa\u00e7\u00e3o e da Ci\u00eancia e Tecnologia realiza, nesta sexta-feira (2), em Campina Grande, o lan\u00e7amento de mais dois editais do Programa Primeira Chance. O evento vai acontecer na Escola Cidad\u00e3 Integral T\u00e9cnica Dr. Elp\u00eddio de Almeida, conhecida como Estadual da Prata, no bairro da Prata, \u00e0s 9h.<\/p>\n\n\n\n<p>As chamadas p\u00fablicas s\u00e3o para&nbsp;cadastro de empresas dos setores t\u00eaxtil, vestu\u00e1rio, produ\u00e7\u00e3o de moda e couro, com 50 vagas, al\u00e9m de 40 vagas no edital de empreendedorismo para atua\u00e7\u00e3o na \u00e1rea de Gest\u00e3o e Tecnologia das empresas.&nbsp;<br><\/p>\n\n\n\n<p>O&nbsp;programa estadual Primeira Chance foi criado para&nbsp;incentivo \u00e0 concess\u00e3o de est\u00e1gio, aprendizagem e primeira experi\u00eancia profissional para egressos e estudantes do ensino m\u00e9dio da Rede Estadual de Educa\u00e7\u00e3o da Para\u00edba. Foi lan\u00e7ado este ano e j\u00e1 selecionou 40 estudantes para est\u00e1gios em 20 empresas do setor de turismo, hospitalidade e lazer, e lan\u00e7ou no \u00faltimo s\u00e1bado (27) mais 100 vagas destinadas a 23 escolas t\u00e9cnicas que possuem turmas da 3\u00aa s\u00e9rie do ensino m\u00e9dio integrado \u00e0 educa\u00e7\u00e3o profissional, para atua\u00e7\u00e3o nas pr\u00f3prias escolas, em projetos dos cursos t\u00e9cnicos aos quais os alunos est\u00e3o vinculados. As bolsas variam entre R$ 300,00 e R$ 500,00.<\/p>\n","protected":false},"excerpt":{"rendered":"<p>&nbsp;Secretaria de Estado da Educa\u00e7\u00e3o e da Ci\u00eancia e Tecnologia realiza, nesta sexta-feira (2), em Campina Grande, o lan\u00e7amento de mais dois editais do Programa&hellip; <\/p>\n","protected":false},"author":1,"featured_media":22699,"comment_status":"closed","ping_status":"closed","sticky":false,"template":"","format":"standard","meta":{"sfsi_plus_gutenberg_text_before_share":"","sfsi_plus_gutenberg_show_text_before_share":"","sfsi_plus_gutenberg_icon_type":"","sfsi_plus_gutenberg_icon_alignemt":"","sfsi_plus_gutenburg_max_per_row":"","footnotes":""},"categories":[2],"tags":[],"class_list":["post-108110","post","type-post","status-publish","format-standard","has-post-thumbnail","hentry","category-geral"],"_links":{"self":[{"href":"https:\/\/www.caririemacao.com\/1\/wp-json\/wp\/v2\/posts\/108110","targetHints":{"allow":["GET"]}}],"collection":[{"href":"https:\/\/www.caririemacao.com\/1\/wp-json\/wp\/v2\/posts"}],"about":[{"href":"https:\/\/www.caririemacao.com\/1\/wp-json\/wp\/v2\/types\/post"}],"author":[{"embeddable":true,"href":"https:\/\/www.caririemacao.com\/1\/wp-json\/wp\/v2\/users\/1"}],"replies":[{"embeddable":true,"href":"https:\/\/www.caririemacao.com\/1\/wp-json\/wp\/v2\/comments?post=108110"}],"version-history":[{"count":1,"href":"https:\/\/www.caririemacao.com\/1\/wp-json\/wp\/v2\/posts\/108110\/revisions"}],"predecessor-version":[{"id":108114,"href":"https:\/\/www.caririemacao.com\/1\/wp-json\/wp\/v2\/posts\/108110\/revisions\/108114"}],"wp:featuredmedia":[{"embeddable":true,"href":"https:\/\/www.caririemacao.com\/1\/wp-json\/wp\/v2\/media\/22699"}],"wp:attachment":[{"href":"https:\/\/www.caririemacao.com\/1\/wp-json\/wp\/v2\/media?parent=108110"}],"wp:term":[{"taxonomy":"category","embeddable":true,"href":"https:\/\/www.caririemacao.com\/1\/wp-json\/wp\/v2\/categories?post=108110"},{"taxonomy":"post_tag","embeddable":true,"href":"https:\/\/www.caririemacao.com\/1\/wp-json\/wp\/v2\/tags?post=108110"}],"curies":[{"name":"wp","href":"https:\/\/api.w.org\/{rel}","templated":true}]}}