{"id":108120,"date":"2019-08-01T16:07:30","date_gmt":"2019-08-01T19:07:30","guid":{"rendered":"http:\/\/www.caririemacao.com\/1\/?p=108120"},"modified":"2019-08-01T16:07:30","modified_gmt":"2019-08-01T19:07:30","slug":"deputado-moacir-comemora-debate-realizado-pelo-governo-federal-sobre-a-ionizacao-atmosferica-para-o-semiarido","status":"publish","type":"post","link":"https:\/\/www.caririemacao.com\/1\/2019\/08\/01\/deputado-moacir-comemora-debate-realizado-pelo-governo-federal-sobre-a-ionizacao-atmosferica-para-o-semiarido\/","title":{"rendered":"Deputado Moacir comemora debate realizado pelo Governo Federal sobre a Ioniza\u00e7\u00e3o Atmosf\u00e9rica para o Semi\u00e1rido"},"content":{"rendered":"\n<p>O deputado estadual, Moacir Rodrigues (PSL) comemorou nas redes sociais e na Assembleia Legislativa da Para\u00edba, o debate realizado pelo Governo Federal sobre a Ioniza\u00e7\u00e3o Atmosf\u00e9rica para o Semi\u00e1rido. <\/p>\n\n\n\n<figure class=\"wp-block-image\"><img fetchpriority=\"high\" decoding=\"async\" width=\"1000\" height=\"1000\" src=\"http:\/\/www.caririemacao.com\/1\/wp-content\/uploads\/2019\/08\/WhatsApp-Image-2019-08-01-at-10.09.26.jpeg\" alt=\"\" class=\"wp-image-108121\" srcset=\"https:\/\/www.caririemacao.com\/1\/wp-content\/uploads\/2019\/08\/WhatsApp-Image-2019-08-01-at-10.09.26.jpeg 1000w, https:\/\/www.caririemacao.com\/1\/wp-content\/uploads\/2019\/08\/WhatsApp-Image-2019-08-01-at-10.09.26-150x150.jpeg 150w, https:\/\/www.caririemacao.com\/1\/wp-content\/uploads\/2019\/08\/WhatsApp-Image-2019-08-01-at-10.09.26-300x300.jpeg 300w, https:\/\/www.caririemacao.com\/1\/wp-content\/uploads\/2019\/08\/WhatsApp-Image-2019-08-01-at-10.09.26-768x768.jpeg 768w\" sizes=\"(max-width: 1000px) 100vw, 1000px\" \/><\/figure>\n\n\n\n<p>Segundo o deputado Moacir, que recentemente protocolou of\u00edcio junto ao Minist\u00e9rio da Ci\u00eancia, Tecnologia e Inova\u00e7\u00f5es, solicitando que se criasse e priorizasse no minist\u00e9rio o debate entorno da implanta\u00e7\u00e3o no Semi\u00e1rido Brasileiro a Ioniza\u00e7\u00e3o Atmosf\u00e9rica, objetivando transformar a realidade da regi\u00e3o, o governo federal se voltado para a regi\u00e3o Nordeste.<\/p>\n\n\n\n<p>Moacir comentou que os Ministros Onyx Lorenzoni da Casa\nCivil, Marcos Pontes do Minist\u00e9rio da Ci\u00eancia, Tecnologia e Inova\u00e7\u00f5es\njuntamente com sua equipe, debateram nessa quarta-feira, dia 31, projetos\npriorit\u00e1rios do minist\u00e9rio e um dos projetos est\u00e1 implanta\u00e7\u00e3o a Ioniza\u00e7\u00e3o\nAtmosf\u00e9rica no Semi\u00e1rido Brasileiro.<\/p>\n","protected":false},"excerpt":{"rendered":"<p>O deputado estadual, Moacir Rodrigues (PSL) comemorou nas redes sociais e na Assembleia Legislativa da Para\u00edba, o debate realizado pelo Governo Federal sobre a Ioniza\u00e7\u00e3o&hellip; <\/p>\n","protected":false},"author":2,"featured_media":108122,"comment_status":"closed","ping_status":"closed","sticky":false,"template":"","format":"standard","meta":{"sfsi_plus_gutenberg_text_before_share":"","sfsi_plus_gutenberg_show_text_before_share":"","sfsi_plus_gutenberg_icon_type":"","sfsi_plus_gutenberg_icon_alignemt":"","sfsi_plus_gutenburg_max_per_row":"","footnotes":""},"categories":[50,11],"tags":[],"class_list":["post-108120","post","type-post","status-publish","format-standard","has-post-thumbnail","hentry","category-destaque","category-politica"],"_links":{"self":[{"href":"https:\/\/www.caririemacao.com\/1\/wp-json\/wp\/v2\/posts\/108120","targetHints":{"allow":["GET"]}}],"collection":[{"href":"https:\/\/www.caririemacao.com\/1\/wp-json\/wp\/v2\/posts"}],"about":[{"href":"https:\/\/www.caririemacao.com\/1\/wp-json\/wp\/v2\/types\/post"}],"author":[{"embeddable":true,"href":"https:\/\/www.caririemacao.com\/1\/wp-json\/wp\/v2\/users\/2"}],"replies":[{"embeddable":true,"href":"https:\/\/www.caririemacao.com\/1\/wp-json\/wp\/v2\/comments?post=108120"}],"version-history":[{"count":1,"href":"https:\/\/www.caririemacao.com\/1\/wp-json\/wp\/v2\/posts\/108120\/revisions"}],"predecessor-version":[{"id":108123,"href":"https:\/\/www.caririemacao.com\/1\/wp-json\/wp\/v2\/posts\/108120\/revisions\/108123"}],"wp:featuredmedia":[{"embeddable":true,"href":"https:\/\/www.caririemacao.com\/1\/wp-json\/wp\/v2\/media\/108122"}],"wp:attachment":[{"href":"https:\/\/www.caririemacao.com\/1\/wp-json\/wp\/v2\/media?parent=108120"}],"wp:term":[{"taxonomy":"category","embeddable":true,"href":"https:\/\/www.caririemacao.com\/1\/wp-json\/wp\/v2\/categories?post=108120"},{"taxonomy":"post_tag","embeddable":true,"href":"https:\/\/www.caririemacao.com\/1\/wp-json\/wp\/v2\/tags?post=108120"}],"curies":[{"name":"wp","href":"https:\/\/api.w.org\/{rel}","templated":true}]}}