{"id":108131,"date":"2019-08-02T08:57:44","date_gmt":"2019-08-02T11:57:44","guid":{"rendered":"http:\/\/www.caririemacao.com\/1\/?p=108131"},"modified":"2019-08-02T09:33:42","modified_gmt":"2019-08-02T12:33:42","slug":"tce-pb-abre-inscricoes-para-a-5a-edicao-do-curso-de-aperfeicoamento-em-administracao-publica","status":"publish","type":"post","link":"https:\/\/www.caririemacao.com\/1\/2019\/08\/02\/tce-pb-abre-inscricoes-para-a-5a-edicao-do-curso-de-aperfeicoamento-em-administracao-publica\/","title":{"rendered":"TCE-PB abre inscri\u00e7\u00f5es para a 5\u00aa edi\u00e7\u00e3o do curso DE \u201cAPERFEI\u00c7OAMENTO EM ADMINISTRA\u00c7\u00c3O P\u00daBLICA&#8221;"},"content":{"rendered":"\n<p>Tribunal de Contas do Estado da Para\u00edba, por meio &nbsp;da Escola de Contas Conselheiro Otac\u00edlio Silveiras ( ECOSIL), abre processo seletivo para a 5\u00ba edi\u00e7\u00e3o do curso de \u2018Aperfei\u00e7oamento em Administra\u00e7\u00e3o P\u00fablica\u2019 (CAAP 2019\/2020).<\/p>\n\n\n\n<p>O conselheiro Fernando Cat\u00e3o, coordenado da Ecosil, disse que o &nbsp;curso de \u2018Aperfei\u00e7oamento em Administra\u00e7\u00e3o P\u00fablica\u2019 aproxima o Tribunal de seus jurisdicionados e visa contribuir para a melhoria da qualidade dos servi\u00e7os p\u00fablicos, orientando os participantes na sua fun\u00e7\u00e3o de zelar pela correta aplica\u00e7\u00e3o dos recursos p\u00fablicos.<\/p>\n\n\n\n<p>Ser\u00e3o destinadas, de forma gratuita, 50 vagas, a servidores p\u00fablicos municipais, das \u00e1reas de Planejamento, Assessoramento e Controle das Gest\u00f5es de Recursos, com escolaridade m\u00ednima correspondente ao ensino m\u00e9dio completo.&nbsp;<\/p>\n\n\n\n<p>Ser\u00e3o ofertadas 20 (vinte) vagas para particulares com investimento no valor de R$ 1.000,00 (mil reais) pelo curso com dura\u00e7\u00e3o de 11 (onze) m\u00f3dulos ou o valor de R$ 100,00 (cem) reais por m\u00f3dulo.<\/p>\n\n\n\n<p><strong>CARGA HOR\u00c1RIA-<\/strong>&nbsp;&nbsp;O &nbsp;curso ter\u00e1 carga hor\u00e1ria de 240 horas-aula e realizar-se-\u00e1 nas instala\u00e7\u00f5es da ECOSIL, localizada no Centro Cultural Ariano Suassuna &#8211; TCE\/PB, com in\u00edcio em 12 de setembro de 2019 e previs\u00e3o de t\u00e9rmino para 22 de maio de 2020. As aulas acontecer\u00e3o \u00e0s quintas e sextas, das 8h \u00e0s 12h e das 13h \u00e0s 17h, perfazendo uma carga hor\u00e1ria de 16 (dezesseis) horas-aula semanais, durante duas semanas em cada m\u00eas, seguidas ou alternadas.&nbsp;<\/p>\n\n\n\n<p>O n\u00famero de participantes por Munic\u00edpio ser\u00e1 de at\u00e9 02 (dois) servidores, buscando-se contemplar o maior n\u00famero de Entes Municipais.<\/p>\n\n\n\n<p>A divulga\u00e7\u00e3o do resultado est\u00e1 prevista para o dia 04 de setembro e in\u00edcio das aulas em 12 de setembro.<\/p>\n\n\n\n<p><strong>INSCRI\u00c7\u00d5ES<\/strong>&nbsp;&#8211; As inscri\u00e7\u00f5es dos interessados dever\u00e3o ser efetuadas, de 01 a 23 de agosto de 2019, por meio do &nbsp;links a seguir e ficar\u00e3o condicionadas \u00e0 entrega dos documentos descritos abaixo, por meio eletr\u00f4nico (ecosil@tce.pb.gov.br) ou presencialmente, at\u00e9 23 de agosto de 2019.<\/p>\n\n\n\n<p><strong>I &#8211; Para Servidores P\u00fablicos Municipais:<\/strong><\/p>\n\n\n\n<figure class=\"wp-block-embed\"><div class=\"wp-block-embed__wrapper\">\n<div class=\"ose-wrapper ose-uid-f2fc547834dbb12acc1fa0a37432e022 ose-embedpress-responsive\" style=\"width:600px; height:550px; max-height:550px; max-width:100%; display:inline-block;\" data-embed-type=\"SelfHosted\"><iframe allowFullScreen=\"true\" width=\"600\" height=\"550\" data-src=\"https:\/\/www.doity.com.br\/caap-2019-2020-servidoresmunicipais\"  src=\"data:image\/svg+xml;base64,PHN2ZyB3aWR0aD0iMSIgaGVpZ2h0PSIxIiB4bWxucz0iaHR0cDovL3d3dy53My5vcmcvMjAwMC9zdmciPjwvc3ZnPg==\" class=\"lazyload\" data-load-mode=\"1\"> <\/iframe><\/div>\n<\/div><\/figure>\n\n\n\n<p><strong>II &#8211; Para Particulares:<\/strong><\/p>\n\n\n\n<figure class=\"wp-block-embed\"><div class=\"wp-block-embed__wrapper\">\n<div class=\"ose-wrapper ose-uid-4fa670d3f911336bf607d630ec3fd264 ose-embedpress-responsive\" style=\"width:600px; height:550px; max-height:550px; max-width:100%; display:inline-block;\" data-embed-type=\"SelfHosted\"><iframe allowFullScreen=\"true\" width=\"600\" height=\"550\" data-src=\"https:\/\/www.doity.com.br\/caap-2019-2020-particulares\"  src=\"data:image\/svg+xml;base64,PHN2ZyB3aWR0aD0iMSIgaGVpZ2h0PSIxIiB4bWxucz0iaHR0cDovL3d3dy53My5vcmcvMjAwMC9zdmciPjwvc3ZnPg==\" class=\"lazyload\" data-load-mode=\"1\"> <\/iframe><\/div>\n<\/div><\/figure>\n\n\n\n<p>&nbsp;<strong>Os documentos probat\u00f3rios exigidos dos inscritos s\u00e3o:<\/strong><\/p>\n\n\n\n<p><strong>I &#8211; Para Servidores P\u00fablicos Municipais:&nbsp;<\/strong>comprovante de inscri\u00e7\u00e3o no doity;&nbsp; c\u00f3pia de identidade e CPF;&nbsp; documento original de apresenta\u00e7\u00e3o do servidor emitido pelo \u00f3rg\u00e3o onde trabalha, assinado pelo respectivo gestor;&nbsp; comprovante de escolaridade m\u00ednima (t\u00e9rmino do Ensino M\u00e9dio);&nbsp; e 1 (uma) foto 3&#215;4 recente.<\/p>\n\n\n\n<p><strong>II &#8211; Para Particulares:&nbsp;&nbsp;<\/strong>comprovante de inscri\u00e7\u00e3o no doity;&nbsp; c\u00f3pia de identidade e CPF;&nbsp; comprovante de resid\u00eancia; comprovante de escolaridade m\u00ednima (t\u00e9rmino do Ensino M\u00e9dio); e 1 (uma) foto 3&#215;4 recente.<\/p>\n\n\n\n<p><strong>No processo de sele\u00e7\u00e3o ser\u00e3o observados os seguintes crit\u00e9rios:<\/strong><\/p>\n\n\n\n<p>I<strong>&nbsp;&#8211; Para Servidores P\u00fablicos Municipais:&nbsp;&nbsp;<\/strong>os 50 (cinq\u00fcenta) primeiros candidatos que se inscreverem no doity e enviarem a documenta\u00e7\u00e3o probat\u00f3ria.<\/p>\n\n\n\n<p><strong>II &#8211; Para Particulares:&nbsp;&nbsp;<\/strong>os 20 (vinte) primeiros candidatos que se inscreverem no doity e enviarem a documenta\u00e7\u00e3o probat\u00f3ria.<\/p>\n\n\n\n<p>Os candidatos classificados ser\u00e3o automaticamente matriculados se comparecerem ao m\u00f3dulo de abertura, no dia 12 de setembro. O n\u00e3o comparecimento ao primeiro m\u00f3dulo implica desist\u00eancia do candidato em car\u00e1ter irrevog\u00e1vel, bem como a perda de todos os direitos adquiridos pela classifica\u00e7\u00e3o no processo seletivo, e a consequente convoca\u00e7\u00e3o dos classificados em sequ\u00eancia para ocupar a vaga.<\/p>\n","protected":false},"excerpt":{"rendered":"<p>Tribunal de Contas do Estado da Para\u00edba, por meio &nbsp;da Escola de Contas Conselheiro Otac\u00edlio Silveiras ( ECOSIL), abre processo seletivo para a 5\u00ba edi\u00e7\u00e3o&hellip; <\/p>\n","protected":false},"author":1,"featured_media":108133,"comment_status":"closed","ping_status":"closed","sticky":false,"template":"","format":"standard","meta":{"sfsi_plus_gutenberg_text_before_share":"","sfsi_plus_gutenberg_show_text_before_share":"","sfsi_plus_gutenberg_icon_type":"","sfsi_plus_gutenberg_icon_alignemt":"","sfsi_plus_gutenburg_max_per_row":"","footnotes":""},"categories":[2],"tags":[],"class_list":["post-108131","post","type-post","status-publish","format-standard","has-post-thumbnail","hentry","category-geral"],"_links":{"self":[{"href":"https:\/\/www.caririemacao.com\/1\/wp-json\/wp\/v2\/posts\/108131","targetHints":{"allow":["GET"]}}],"collection":[{"href":"https:\/\/www.caririemacao.com\/1\/wp-json\/wp\/v2\/posts"}],"about":[{"href":"https:\/\/www.caririemacao.com\/1\/wp-json\/wp\/v2\/types\/post"}],"author":[{"embeddable":true,"href":"https:\/\/www.caririemacao.com\/1\/wp-json\/wp\/v2\/users\/1"}],"replies":[{"embeddable":true,"href":"https:\/\/www.caririemacao.com\/1\/wp-json\/wp\/v2\/comments?post=108131"}],"version-history":[{"count":1,"href":"https:\/\/www.caririemacao.com\/1\/wp-json\/wp\/v2\/posts\/108131\/revisions"}],"predecessor-version":[{"id":108132,"href":"https:\/\/www.caririemacao.com\/1\/wp-json\/wp\/v2\/posts\/108131\/revisions\/108132"}],"wp:featuredmedia":[{"embeddable":true,"href":"https:\/\/www.caririemacao.com\/1\/wp-json\/wp\/v2\/media\/108133"}],"wp:attachment":[{"href":"https:\/\/www.caririemacao.com\/1\/wp-json\/wp\/v2\/media?parent=108131"}],"wp:term":[{"taxonomy":"category","embeddable":true,"href":"https:\/\/www.caririemacao.com\/1\/wp-json\/wp\/v2\/categories?post=108131"},{"taxonomy":"post_tag","embeddable":true,"href":"https:\/\/www.caririemacao.com\/1\/wp-json\/wp\/v2\/tags?post=108131"}],"curies":[{"name":"wp","href":"https:\/\/api.w.org\/{rel}","templated":true}]}}