{"id":108152,"date":"2019-08-01T18:35:57","date_gmt":"2019-08-01T21:35:57","guid":{"rendered":"http:\/\/www.caririemacao.com\/1\/?p=108152"},"modified":"2019-08-01T18:35:57","modified_gmt":"2019-08-01T21:35:57","slug":"camara-do-congo-realiza-reuniao-nesta-quinta-feira-1","status":"publish","type":"post","link":"https:\/\/www.caririemacao.com\/1\/2019\/08\/01\/camara-do-congo-realiza-reuniao-nesta-quinta-feira-1\/","title":{"rendered":"C\u00e2mara do Congo realiza reuni\u00e3o nesta quinta-feira (1)"},"content":{"rendered":"\n<p>O presidente da C\u00e2mara Municipal de Congo, Lenilson Bezerra, convida todos os vereadores e popula\u00e7\u00e3o para participar da reuni\u00e3o ordin\u00e1ria, a ser realizada na noite desta quinta-feira, dia 1\u00ba,  no plen\u00e1rio da Casa Jos\u00e9 Jorge de Sousa. <\/p>\n","protected":false},"excerpt":{"rendered":"<p>O presidente da C\u00e2mara Municipal de Congo, Lenilson Bezerra, convida todos os vereadores e popula\u00e7\u00e3o para participar da reuni\u00e3o ordin\u00e1ria, a ser realizada na noite&hellip; <\/p>\n","protected":false},"author":2,"featured_media":108153,"comment_status":"closed","ping_status":"closed","sticky":false,"template":"","format":"standard","meta":{"sfsi_plus_gutenberg_text_before_share":"","sfsi_plus_gutenberg_show_text_before_share":"","sfsi_plus_gutenberg_icon_type":"","sfsi_plus_gutenberg_icon_alignemt":"","sfsi_plus_gutenburg_max_per_row":"","footnotes":""},"categories":[50,2],"tags":[],"class_list":["post-108152","post","type-post","status-publish","format-standard","has-post-thumbnail","hentry","category-destaque","category-geral"],"_links":{"self":[{"href":"https:\/\/www.caririemacao.com\/1\/wp-json\/wp\/v2\/posts\/108152","targetHints":{"allow":["GET"]}}],"collection":[{"href":"https:\/\/www.caririemacao.com\/1\/wp-json\/wp\/v2\/posts"}],"about":[{"href":"https:\/\/www.caririemacao.com\/1\/wp-json\/wp\/v2\/types\/post"}],"author":[{"embeddable":true,"href":"https:\/\/www.caririemacao.com\/1\/wp-json\/wp\/v2\/users\/2"}],"replies":[{"embeddable":true,"href":"https:\/\/www.caririemacao.com\/1\/wp-json\/wp\/v2\/comments?post=108152"}],"version-history":[{"count":1,"href":"https:\/\/www.caririemacao.com\/1\/wp-json\/wp\/v2\/posts\/108152\/revisions"}],"predecessor-version":[{"id":108155,"href":"https:\/\/www.caririemacao.com\/1\/wp-json\/wp\/v2\/posts\/108152\/revisions\/108155"}],"wp:featuredmedia":[{"embeddable":true,"href":"https:\/\/www.caririemacao.com\/1\/wp-json\/wp\/v2\/media\/108153"}],"wp:attachment":[{"href":"https:\/\/www.caririemacao.com\/1\/wp-json\/wp\/v2\/media?parent=108152"}],"wp:term":[{"taxonomy":"category","embeddable":true,"href":"https:\/\/www.caririemacao.com\/1\/wp-json\/wp\/v2\/categories?post=108152"},{"taxonomy":"post_tag","embeddable":true,"href":"https:\/\/www.caririemacao.com\/1\/wp-json\/wp\/v2\/tags?post=108152"}],"curies":[{"name":"wp","href":"https:\/\/api.w.org\/{rel}","templated":true}]}}