{"id":108156,"date":"2019-08-01T18:48:14","date_gmt":"2019-08-01T21:48:14","guid":{"rendered":"http:\/\/www.caririemacao.com\/1\/?p=108156"},"modified":"2019-08-01T18:59:00","modified_gmt":"2019-08-01T21:59:00","slug":"festival-do-mel-tem-programacao-de-shows-anunciada-e-tres-dias-de-eventos-em-sao-jose-dos-cordeiros","status":"publish","type":"post","link":"https:\/\/www.caririemacao.com\/1\/2019\/08\/01\/festival-do-mel-tem-programacao-de-shows-anunciada-e-tres-dias-de-eventos-em-sao-jose-dos-cordeiros\/","title":{"rendered":"Festival do Mel tem programa\u00e7\u00e3o de shows anunciada e tr\u00eas dias de evento em S\u00e3o Jos\u00e9 dos Cordeiros"},"content":{"rendered":"\n<figure class=\"wp-block-image\"><img decoding=\"async\" data-src=\"http:\/\/deolhonocariri.com.br\/wp-content\/uploads\/2019\/08\/festival_mel_2019.jpg\" alt=\"\" src=\"data:image\/svg+xml;base64,PHN2ZyB3aWR0aD0iMSIgaGVpZ2h0PSIxIiB4bWxucz0iaHR0cDovL3d3dy53My5vcmcvMjAwMC9zdmciPjwvc3ZnPg==\" class=\"lazyload\" \/><\/figure>\n\n\n\n<p>O XI Festival do Mel em S\u00e3o Jos\u00e9 dos Cordeiros j\u00e1 entrou na contagem regressiva. A Prefeitura Municipal, organizadora do evento, anunciou nesta sexta-feira (01) toda a grade de shows do festival, que atrai anualmente um grande p\u00fablico para a cidade conhecida como a Capital do Mel.<\/p>\n\n\n\n<p>Neste ano, o Festival do Mel acontecer\u00e1 nos dias 29, 30 e 31 de agosto e contar\u00e1 com shows de&nbsp;<strong>Solange Almeida, Gil Mendes, Pedrinho Pega\u00e7\u00e3o, Cavalo de Pau<\/strong>, Forr\u00f3 do Garotinho, Rog\u00e9rio Lima, Z\u00e9 da Paz do Acordeon e Pequeno do Acordeon.<\/p>\n\n\n\n<p>O Festival do Mel contar\u00e1 ainda com o tradicional desfile da Garota do Mel, que abre o evento junto a fala das autoridades. Uma vasta programa\u00e7\u00e3o t\u00e9cnica atrai apicultores de todo o Nordeste e \u00e9 realizado junto a feira de produtos ap\u00edcolas, visita\u00e7\u00f5es a api\u00e1rios e oficinas.<\/p>\n\n\n\n<p><strong>Veja a programa\u00e7\u00e3o completa de shows:<\/strong><\/p>\n\n\n\n<p><strong>Quinta-feira (29)<br><\/strong>Desfile da Garota do Mel<br>Pequeno do Acordeon<\/p>\n\n\n\n<p><strong>Sexta-feira (30)<br><\/strong>Pedrinho Pega\u00e7\u00e3o<br>Gil Mendes<br>Rog\u00e9rio Lima<\/p>\n\n\n\n<p><strong>S\u00e1bado (31)<br><\/strong>Solange Almeida<br>Cavalo de Pau<br>Forr\u00f3 do Garotinho<br>Z\u00e9 da Paz do Acordeon<\/p>\n","protected":false},"excerpt":{"rendered":"<p>O XI Festival do Mel em S\u00e3o Jos\u00e9 dos Cordeiros j\u00e1 entrou na contagem regressiva. A Prefeitura Municipal, organizadora do evento, anunciou nesta sexta-feira (01)&hellip; <\/p>\n","protected":false},"author":1,"featured_media":108157,"comment_status":"closed","ping_status":"closed","sticky":false,"template":"","format":"standard","meta":{"sfsi_plus_gutenberg_text_before_share":"","sfsi_plus_gutenberg_show_text_before_share":"","sfsi_plus_gutenberg_icon_type":"","sfsi_plus_gutenberg_icon_alignemt":"","sfsi_plus_gutenburg_max_per_row":"","footnotes":""},"categories":[6],"tags":[],"class_list":["post-108156","post","type-post","status-publish","format-standard","has-post-thumbnail","hentry","category-cidades"],"_links":{"self":[{"href":"https:\/\/www.caririemacao.com\/1\/wp-json\/wp\/v2\/posts\/108156","targetHints":{"allow":["GET"]}}],"collection":[{"href":"https:\/\/www.caririemacao.com\/1\/wp-json\/wp\/v2\/posts"}],"about":[{"href":"https:\/\/www.caririemacao.com\/1\/wp-json\/wp\/v2\/types\/post"}],"author":[{"embeddable":true,"href":"https:\/\/www.caririemacao.com\/1\/wp-json\/wp\/v2\/users\/1"}],"replies":[{"embeddable":true,"href":"https:\/\/www.caririemacao.com\/1\/wp-json\/wp\/v2\/comments?post=108156"}],"version-history":[{"count":2,"href":"https:\/\/www.caririemacao.com\/1\/wp-json\/wp\/v2\/posts\/108156\/revisions"}],"predecessor-version":[{"id":108159,"href":"https:\/\/www.caririemacao.com\/1\/wp-json\/wp\/v2\/posts\/108156\/revisions\/108159"}],"wp:featuredmedia":[{"embeddable":true,"href":"https:\/\/www.caririemacao.com\/1\/wp-json\/wp\/v2\/media\/108157"}],"wp:attachment":[{"href":"https:\/\/www.caririemacao.com\/1\/wp-json\/wp\/v2\/media?parent=108156"}],"wp:term":[{"taxonomy":"category","embeddable":true,"href":"https:\/\/www.caririemacao.com\/1\/wp-json\/wp\/v2\/categories?post=108156"},{"taxonomy":"post_tag","embeddable":true,"href":"https:\/\/www.caririemacao.com\/1\/wp-json\/wp\/v2\/tags?post=108156"}],"curies":[{"name":"wp","href":"https:\/\/api.w.org\/{rel}","templated":true}]}}