{"id":108165,"date":"2019-08-01T20:13:06","date_gmt":"2019-08-01T23:13:06","guid":{"rendered":"http:\/\/www.caririemacao.com\/1\/?p=108165"},"modified":"2019-08-01T20:13:06","modified_gmt":"2019-08-01T23:13:06","slug":"ufcg-realiza-encontro-de-formacao-da-educacao-infantil-em-cidades-do-cariri","status":"publish","type":"post","link":"https:\/\/www.caririemacao.com\/1\/2019\/08\/01\/ufcg-realiza-encontro-de-formacao-da-educacao-infantil-em-cidades-do-cariri\/","title":{"rendered":"UFCG realiza Encontro de Forma\u00e7\u00e3o da Educa\u00e7\u00e3o Infantil em cidades do Cariri"},"content":{"rendered":"\n<p>Ser\u00e1 realizada nesta sexta-feira, 2 de agosto, na Secretaria de Agricultura do Munic\u00edpio de Cara\u00fabas, das 8h30min \u00e0s 16h30min, o Primeiro Encontro de Forma\u00e7\u00e3o do Polo&nbsp;2 da Educa\u00e7\u00e3o Infantil (Cara\u00fabas, Camala\u00fa, S\u00e3o Jo\u00e3o do Tigre e Congo), tendo como tema \u201cBase Comum Curricular da Educa\u00e7\u00e3o Infantil: \u00e9 preciso conhecer para atuar\u201d.<\/p>\n\n\n\n<p>A organiza\u00e7\u00e3o \u00e9 do N\u00facleo de Estudos e Pesquisa em Educa\u00e7\u00e3o do Campo, Forma\u00e7\u00e3o de Professores\/as e Pr\u00e1ticas Pedag\u00f3gicas \u2013 Nupeforp, da Unidade Acad\u00eamica de Educa\u00e7\u00e3o do Campo do Centro de Desenvolvimento Sustent\u00e1vel do Semi\u00e1rido da UFCG e da Unidade Acad\u00eamica de Educa\u00e7\u00e3o\/CH, Unidade Acad\u00eamica de Educa\u00e7\u00e3o Infantil\/CH, Pr\u00f3-Reitoria de Pesquisa e Extens\u00e3o \u2013 Propex e Secretaria de Educa\u00e7\u00e3o do Munic\u00edpio de S\u00e3o Jo\u00e3o do Cariri.<\/p>\n\n\n\n<p>Participar\u00e3o das discuss\u00f5es o titular da Secretaria Municipal de Educa\u00e7\u00e3o de Cara\u00fabas, coordenadores pedag\u00f3gicos da Educa\u00e7\u00e3o Infantil dos munic\u00edpios de Cara\u00fabas, Camala\u00fa, S\u00e3o Jo\u00e3o do Tigre e Congo&nbsp;e 10 professoras da Educa\u00e7\u00e3o Infantil de cada munic\u00edpio.<\/p>\n\n\n\n<p>As&nbsp;mediadoras das discuss\u00f5es ser\u00e3o as professoras da UFCG Maria Bet\u00e2nia Barbosa da Silva Lima, Simone Patr\u00edcia da Silva&nbsp;, Katia Patr\u00edcio Benevides Campos e Maria do Socorro Silva (CDSA).<\/p>\n\n\n\n<p>Assimp CDSA\/UFCG<\/p>\n","protected":false},"excerpt":{"rendered":"<p>Ser\u00e1 realizada nesta sexta-feira, 2 de agosto, na Secretaria de Agricultura do Munic\u00edpio de Cara\u00fabas, das 8h30min \u00e0s 16h30min, o Primeiro Encontro de Forma\u00e7\u00e3o do&hellip; <\/p>\n","protected":false},"author":2,"featured_media":108166,"comment_status":"closed","ping_status":"closed","sticky":false,"template":"","format":"standard","meta":{"sfsi_plus_gutenberg_text_before_share":"","sfsi_plus_gutenberg_show_text_before_share":"","sfsi_plus_gutenberg_icon_type":"","sfsi_plus_gutenberg_icon_alignemt":"","sfsi_plus_gutenburg_max_per_row":"","footnotes":""},"categories":[50,14],"tags":[],"class_list":["post-108165","post","type-post","status-publish","format-standard","has-post-thumbnail","hentry","category-destaque","category-educacao"],"_links":{"self":[{"href":"https:\/\/www.caririemacao.com\/1\/wp-json\/wp\/v2\/posts\/108165","targetHints":{"allow":["GET"]}}],"collection":[{"href":"https:\/\/www.caririemacao.com\/1\/wp-json\/wp\/v2\/posts"}],"about":[{"href":"https:\/\/www.caririemacao.com\/1\/wp-json\/wp\/v2\/types\/post"}],"author":[{"embeddable":true,"href":"https:\/\/www.caririemacao.com\/1\/wp-json\/wp\/v2\/users\/2"}],"replies":[{"embeddable":true,"href":"https:\/\/www.caririemacao.com\/1\/wp-json\/wp\/v2\/comments?post=108165"}],"version-history":[{"count":1,"href":"https:\/\/www.caririemacao.com\/1\/wp-json\/wp\/v2\/posts\/108165\/revisions"}],"predecessor-version":[{"id":108167,"href":"https:\/\/www.caririemacao.com\/1\/wp-json\/wp\/v2\/posts\/108165\/revisions\/108167"}],"wp:featuredmedia":[{"embeddable":true,"href":"https:\/\/www.caririemacao.com\/1\/wp-json\/wp\/v2\/media\/108166"}],"wp:attachment":[{"href":"https:\/\/www.caririemacao.com\/1\/wp-json\/wp\/v2\/media?parent=108165"}],"wp:term":[{"taxonomy":"category","embeddable":true,"href":"https:\/\/www.caririemacao.com\/1\/wp-json\/wp\/v2\/categories?post=108165"},{"taxonomy":"post_tag","embeddable":true,"href":"https:\/\/www.caririemacao.com\/1\/wp-json\/wp\/v2\/tags?post=108165"}],"curies":[{"name":"wp","href":"https:\/\/api.w.org\/{rel}","templated":true}]}}