{"id":108168,"date":"2019-08-02T00:33:37","date_gmt":"2019-08-02T03:33:37","guid":{"rendered":"http:\/\/www.caririemacao.com\/1\/?p=108168"},"modified":"2019-08-02T09:31:05","modified_gmt":"2019-08-02T12:31:05","slug":"prefeita-anna-lorena-emite-nota-de-pesar-pelo-falecimento-de-padre-gabriel","status":"publish","type":"post","link":"https:\/\/www.caririemacao.com\/1\/2019\/08\/02\/prefeita-anna-lorena-emite-nota-de-pesar-pelo-falecimento-de-padre-gabriel\/","title":{"rendered":"Prefeita Anna Lorena emite nota de pesar pelo falecimento de Padre Gabriel"},"content":{"rendered":"\n<p>Faleceu nesta quinta-feira (01), no Hospital Monte Sinai no munic\u00edpio de Garanhuns no Pernambuco, o Padre Gabriel aos 86 anos.<\/p>\n\n\n\n<p>Na tarde desta quinta-feira, a prefeita Anna Lorena, por meio da Ascom, divulgou uma nota de pesar pela perda do padre.<\/p>\n\n\n\n<p>Confira<\/p>\n\n\n\n<p>Padre Gabriel Hofstede, exerceu seu minist\u00e9rio sacerdotal em Monteiro, no Cariri paraibano, onde deixou um jardim de boas obras, benef\u00edcios frutos de seu amor ao pr\u00f3ximo.<\/p>\n\n\n\n<p>Em sua jornada em Monteiro e mesmo depois, o Padre assumiu um compromisso de muito carinho, ajudando e incentivando os irm\u00e3os de sua terra natal a estender a m\u00e3o a tantos estudantes.<\/p>\n\n\n\n<p>Muitos professores e professoras, al\u00e9m de outros profissionais, tiveram a inestim\u00e1vel ajuda do Padre Gabriel, e assim como eu e cada monteirense, lamentam a perda deste grande homem de f\u00e9.<\/p>\n\n\n\n<p>Seus ensinamentos e exemplo ficar\u00e3o guardados em nossa mente com uma enorme saudade.<\/p>\n\n\n\n<p>Apresentamos nossas condol\u00eancias aos familiares e amigos nesta hora t\u00e3o dif\u00edcil<\/p>\n\n\n\n<p>Anna Lorena<br>Prefeita de Monteiro<\/p>\n","protected":false},"excerpt":{"rendered":"<p>Faleceu nesta quinta-feira (01), no Hospital Monte Sinai no munic\u00edpio de Garanhuns no Pernambuco, o Padre Gabriel aos 86 anos. Na tarde desta quinta-feira, a&hellip; <\/p>\n","protected":false},"author":2,"featured_media":108169,"comment_status":"closed","ping_status":"closed","sticky":false,"template":"","format":"standard","meta":{"sfsi_plus_gutenberg_text_before_share":"","sfsi_plus_gutenberg_show_text_before_share":"","sfsi_plus_gutenberg_icon_type":"","sfsi_plus_gutenberg_icon_alignemt":"","sfsi_plus_gutenburg_max_per_row":"","footnotes":""},"categories":[50,2],"tags":[],"class_list":["post-108168","post","type-post","status-publish","format-standard","has-post-thumbnail","hentry","category-destaque","category-geral"],"_links":{"self":[{"href":"https:\/\/www.caririemacao.com\/1\/wp-json\/wp\/v2\/posts\/108168","targetHints":{"allow":["GET"]}}],"collection":[{"href":"https:\/\/www.caririemacao.com\/1\/wp-json\/wp\/v2\/posts"}],"about":[{"href":"https:\/\/www.caririemacao.com\/1\/wp-json\/wp\/v2\/types\/post"}],"author":[{"embeddable":true,"href":"https:\/\/www.caririemacao.com\/1\/wp-json\/wp\/v2\/users\/2"}],"replies":[{"embeddable":true,"href":"https:\/\/www.caririemacao.com\/1\/wp-json\/wp\/v2\/comments?post=108168"}],"version-history":[{"count":1,"href":"https:\/\/www.caririemacao.com\/1\/wp-json\/wp\/v2\/posts\/108168\/revisions"}],"predecessor-version":[{"id":108170,"href":"https:\/\/www.caririemacao.com\/1\/wp-json\/wp\/v2\/posts\/108168\/revisions\/108170"}],"wp:featuredmedia":[{"embeddable":true,"href":"https:\/\/www.caririemacao.com\/1\/wp-json\/wp\/v2\/media\/108169"}],"wp:attachment":[{"href":"https:\/\/www.caririemacao.com\/1\/wp-json\/wp\/v2\/media?parent=108168"}],"wp:term":[{"taxonomy":"category","embeddable":true,"href":"https:\/\/www.caririemacao.com\/1\/wp-json\/wp\/v2\/categories?post=108168"},{"taxonomy":"post_tag","embeddable":true,"href":"https:\/\/www.caririemacao.com\/1\/wp-json\/wp\/v2\/tags?post=108168"}],"curies":[{"name":"wp","href":"https:\/\/api.w.org\/{rel}","templated":true}]}}