{"id":108171,"date":"2019-08-02T08:01:22","date_gmt":"2019-08-02T11:01:22","guid":{"rendered":"http:\/\/www.caririemacao.com\/1\/?p=108171"},"modified":"2019-08-02T09:40:39","modified_gmt":"2019-08-02T12:40:39","slug":"o-governo-municipal-de-camalau-atraves-da-secretaria-de-trabalho-e-acao-social-realizou-recentemente-a-i-conferencia-para-o-fortalecimento-dos-direitos-do-idoso","status":"publish","type":"post","link":"https:\/\/www.caririemacao.com\/1\/2019\/08\/02\/o-governo-municipal-de-camalau-atraves-da-secretaria-de-trabalho-e-acao-social-realizou-recentemente-a-i-conferencia-para-o-fortalecimento-dos-direitos-do-idoso\/","title":{"rendered":"Camala\u00fa realiza 1\u00aa Confer\u00eancia para o Fortalecimento dos Direitos do Idoso"},"content":{"rendered":"\n<p>Um momento emocionante e de grande singeleza, foi quando o GRUPO DA MELHOR IDADE, cantou o hino do nosso munic\u00edpio.<\/p>\n\n\n\n<p>O Grupo da Melhor Idade que \u00e9 um projeto da Secretaria de Trabalho e A\u00e7\u00e3o Social.<\/p>\n\n\n\n<p>HINO DE CAMALA\u00da<br>\nAutor: Ant\u00f4nio Mariano Sobrinho<br>\nViol\u00e3o: Felipe Fuba<\/p>\n","protected":false},"excerpt":{"rendered":"<p>Um momento emocionante e de grande singeleza, foi quando o GRUPO DA MELHOR IDADE, cantou o hino do nosso munic\u00edpio. O Grupo da Melhor Idade&hellip; <\/p>\n","protected":false},"author":1,"featured_media":52127,"comment_status":"closed","ping_status":"closed","sticky":false,"template":"","format":"standard","meta":{"sfsi_plus_gutenberg_text_before_share":"","sfsi_plus_gutenberg_show_text_before_share":"","sfsi_plus_gutenberg_icon_type":"","sfsi_plus_gutenberg_icon_alignemt":"","sfsi_plus_gutenburg_max_per_row":"","footnotes":""},"categories":[50,2],"tags":[],"class_list":["post-108171","post","type-post","status-publish","format-standard","has-post-thumbnail","hentry","category-destaque","category-geral"],"_links":{"self":[{"href":"https:\/\/www.caririemacao.com\/1\/wp-json\/wp\/v2\/posts\/108171","targetHints":{"allow":["GET"]}}],"collection":[{"href":"https:\/\/www.caririemacao.com\/1\/wp-json\/wp\/v2\/posts"}],"about":[{"href":"https:\/\/www.caririemacao.com\/1\/wp-json\/wp\/v2\/types\/post"}],"author":[{"embeddable":true,"href":"https:\/\/www.caririemacao.com\/1\/wp-json\/wp\/v2\/users\/1"}],"replies":[{"embeddable":true,"href":"https:\/\/www.caririemacao.com\/1\/wp-json\/wp\/v2\/comments?post=108171"}],"version-history":[{"count":3,"href":"https:\/\/www.caririemacao.com\/1\/wp-json\/wp\/v2\/posts\/108171\/revisions"}],"predecessor-version":[{"id":108204,"href":"https:\/\/www.caririemacao.com\/1\/wp-json\/wp\/v2\/posts\/108171\/revisions\/108204"}],"wp:featuredmedia":[{"embeddable":true,"href":"https:\/\/www.caririemacao.com\/1\/wp-json\/wp\/v2\/media\/52127"}],"wp:attachment":[{"href":"https:\/\/www.caririemacao.com\/1\/wp-json\/wp\/v2\/media?parent=108171"}],"wp:term":[{"taxonomy":"category","embeddable":true,"href":"https:\/\/www.caririemacao.com\/1\/wp-json\/wp\/v2\/categories?post=108171"},{"taxonomy":"post_tag","embeddable":true,"href":"https:\/\/www.caririemacao.com\/1\/wp-json\/wp\/v2\/tags?post=108171"}],"curies":[{"name":"wp","href":"https:\/\/api.w.org\/{rel}","templated":true}]}}