{"id":108180,"date":"2019-08-02T08:04:23","date_gmt":"2019-08-02T11:04:23","guid":{"rendered":"http:\/\/www.caririemacao.com\/1\/?p=108180"},"modified":"2019-08-02T08:04:23","modified_gmt":"2019-08-02T11:04:23","slug":"feriado-de-05-de-agosto-altera-expedientes-das-reparticoes-municipais-em-monteiro","status":"publish","type":"post","link":"https:\/\/www.caririemacao.com\/1\/2019\/08\/02\/feriado-de-05-de-agosto-altera-expedientes-das-reparticoes-municipais-em-monteiro\/","title":{"rendered":"Feriado de 05 de agosto altera expedientes das reparti\u00e7\u00f5es municipais em Monteiro"},"content":{"rendered":"\n<div class=\"wp-block-image\"><figure class=\"alignright\"><img decoding=\"async\" data-src=\"https:\/\/i1.wp.com\/www.vitrinedocariri.com.br\/wp-content\/uploads\/2018\/12\/calendario-de-feriados-2014.jpg?zoom=2&amp;resize=330%2C247&amp;ssl=1\" alt=\"\" class=\"wp-image-31018 lazyload\" src=\"data:image\/svg+xml;base64,PHN2ZyB3aWR0aD0iMSIgaGVpZ2h0PSIxIiB4bWxucz0iaHR0cDovL3d3dy53My5vcmcvMjAwMC9zdmciPjwvc3ZnPg==\" \/><\/figure><\/div>\n\n\n\n<p>A Prefeitura de Monteiro, por meio de decreto assinado pela gestora Anna Lorena, informa que devido ao feriado estadual alusivo \u00e0 Funda\u00e7\u00e3o da Para\u00edba, o expediente das reparti\u00e7\u00f5es p\u00fablicas municipais encerram na sexta, dia 02 de agosto, e retornam na ter\u00e7a-feira, dia 06.<\/p>\n\n\n\n<p>Mesmo com o feriado, os servi\u00e7os essenciais ser\u00e3o mantidos, a exemplo de servi\u00e7os funer\u00e1rios e outros.<\/p>\n\n\n\n<p>FUNDA\u00c7\u00c3O DA PARA\u00cdBA<br>O dia 05 de agosto de 1585 foi a data na qual os portugueses chegaram as terras paraibanas, fundando a cidade de Nossa Senhora das Neves (atual Jo\u00e3o Pessoa) e marcando o territ\u00f3rio estadual.<\/p>\n\n\n\n<p>A data era s\u00edmbolo da bandeira paraibana at\u00e9 o ano de 1930, quando a Assembleia Legislativa aprovou a atual bandeira do \u201cNEGO\u201d, uma refer\u00eancia a oposi\u00e7\u00e3o do ex-governador do Estado, Jo\u00e3o Pessoa Cavalcanti de Albuquerque, a candidatura de J\u00falio Prestes na conhecida pol\u00edtica do \u201cCaf\u00e9 com Leite\u201d, um revezamento entre os estados de S\u00e3o Paulo e Minas Gerais na Presid\u00eancia da Rep\u00fablica.<\/p>\n","protected":false},"excerpt":{"rendered":"<p>A Prefeitura de Monteiro, por meio de decreto assinado pela gestora Anna Lorena, informa que devido ao feriado estadual alusivo \u00e0 Funda\u00e7\u00e3o da Para\u00edba, o&hellip; <\/p>\n","protected":false},"author":1,"featured_media":13820,"comment_status":"closed","ping_status":"closed","sticky":false,"template":"","format":"standard","meta":{"sfsi_plus_gutenberg_text_before_share":"","sfsi_plus_gutenberg_show_text_before_share":"","sfsi_plus_gutenberg_icon_type":"","sfsi_plus_gutenberg_icon_alignemt":"","sfsi_plus_gutenburg_max_per_row":"","footnotes":""},"categories":[2],"tags":[],"class_list":["post-108180","post","type-post","status-publish","format-standard","has-post-thumbnail","hentry","category-geral"],"_links":{"self":[{"href":"https:\/\/www.caririemacao.com\/1\/wp-json\/wp\/v2\/posts\/108180","targetHints":{"allow":["GET"]}}],"collection":[{"href":"https:\/\/www.caririemacao.com\/1\/wp-json\/wp\/v2\/posts"}],"about":[{"href":"https:\/\/www.caririemacao.com\/1\/wp-json\/wp\/v2\/types\/post"}],"author":[{"embeddable":true,"href":"https:\/\/www.caririemacao.com\/1\/wp-json\/wp\/v2\/users\/1"}],"replies":[{"embeddable":true,"href":"https:\/\/www.caririemacao.com\/1\/wp-json\/wp\/v2\/comments?post=108180"}],"version-history":[{"count":1,"href":"https:\/\/www.caririemacao.com\/1\/wp-json\/wp\/v2\/posts\/108180\/revisions"}],"predecessor-version":[{"id":108181,"href":"https:\/\/www.caririemacao.com\/1\/wp-json\/wp\/v2\/posts\/108180\/revisions\/108181"}],"wp:featuredmedia":[{"embeddable":true,"href":"https:\/\/www.caririemacao.com\/1\/wp-json\/wp\/v2\/media\/13820"}],"wp:attachment":[{"href":"https:\/\/www.caririemacao.com\/1\/wp-json\/wp\/v2\/media?parent=108180"}],"wp:term":[{"taxonomy":"category","embeddable":true,"href":"https:\/\/www.caririemacao.com\/1\/wp-json\/wp\/v2\/categories?post=108180"},{"taxonomy":"post_tag","embeddable":true,"href":"https:\/\/www.caririemacao.com\/1\/wp-json\/wp\/v2\/tags?post=108180"}],"curies":[{"name":"wp","href":"https:\/\/api.w.org\/{rel}","templated":true}]}}