{"id":108186,"date":"2019-08-02T08:07:49","date_gmt":"2019-08-02T11:07:49","guid":{"rendered":"http:\/\/www.caririemacao.com\/1\/?p=108186"},"modified":"2019-08-02T08:07:49","modified_gmt":"2019-08-02T11:07:49","slug":"prefeitura-municipal-realiza-treinamento-e-entrega-diplomas-a-guarda-municipal-de-zabele-2","status":"publish","type":"post","link":"https:\/\/www.caririemacao.com\/1\/2019\/08\/02\/prefeitura-municipal-realiza-treinamento-e-entrega-diplomas-a-guarda-municipal-de-zabele-2\/","title":{"rendered":"Prefeitura Municipal realiza treinamento e entrega diplomas a guarda municipal de Zabel\u00ea"},"content":{"rendered":"\n<p>A Prefeitura de Zabel\u00ea iniciou nesse dia 01 de agosto, treinamento para os integrantes da guarda municipal.<br>Durante todo o dia houve diversos tipos de treinamentos na \u00e1rea de seguran\u00e7a e primeiros socorros, deixando os membros da guarda municipal mais preparados para eventuais imprevistos.<br>O treinamento foi efetuado pelo PM Sargento Fonseca e pelo Bombeiro Civil Dinaldo, e tamb\u00e9m teve a participa\u00e7\u00e3o da secret\u00e1ria Marleide Oliveira.<br>No final dos treinamentos houve a entrega dos diplomas, e o Prefeito Dalyson Neves agradeceu aos coordenadores do evento, como tamb\u00e9m parabenizou os guardas municipais pela dedica\u00e7\u00e3o e empenho as atividades que lhes s\u00e3o atribu\u00eddas.<br><strong>Com ASCOM<\/strong><\/p>\n","protected":false},"excerpt":{"rendered":"<p>A Prefeitura de Zabel\u00ea iniciou nesse dia 01 de agosto, treinamento para os integrantes da guarda municipal.Durante todo o dia houve diversos tipos de treinamentos&hellip; <\/p>\n","protected":false},"author":1,"featured_media":108187,"comment_status":"closed","ping_status":"closed","sticky":false,"template":"","format":"standard","meta":{"sfsi_plus_gutenberg_text_before_share":"","sfsi_plus_gutenberg_show_text_before_share":"","sfsi_plus_gutenberg_icon_type":"","sfsi_plus_gutenberg_icon_alignemt":"","sfsi_plus_gutenburg_max_per_row":"","footnotes":""},"categories":[2],"tags":[],"class_list":["post-108186","post","type-post","status-publish","format-standard","has-post-thumbnail","hentry","category-geral"],"_links":{"self":[{"href":"https:\/\/www.caririemacao.com\/1\/wp-json\/wp\/v2\/posts\/108186","targetHints":{"allow":["GET"]}}],"collection":[{"href":"https:\/\/www.caririemacao.com\/1\/wp-json\/wp\/v2\/posts"}],"about":[{"href":"https:\/\/www.caririemacao.com\/1\/wp-json\/wp\/v2\/types\/post"}],"author":[{"embeddable":true,"href":"https:\/\/www.caririemacao.com\/1\/wp-json\/wp\/v2\/users\/1"}],"replies":[{"embeddable":true,"href":"https:\/\/www.caririemacao.com\/1\/wp-json\/wp\/v2\/comments?post=108186"}],"version-history":[{"count":1,"href":"https:\/\/www.caririemacao.com\/1\/wp-json\/wp\/v2\/posts\/108186\/revisions"}],"predecessor-version":[{"id":108188,"href":"https:\/\/www.caririemacao.com\/1\/wp-json\/wp\/v2\/posts\/108186\/revisions\/108188"}],"wp:featuredmedia":[{"embeddable":true,"href":"https:\/\/www.caririemacao.com\/1\/wp-json\/wp\/v2\/media\/108187"}],"wp:attachment":[{"href":"https:\/\/www.caririemacao.com\/1\/wp-json\/wp\/v2\/media?parent=108186"}],"wp:term":[{"taxonomy":"category","embeddable":true,"href":"https:\/\/www.caririemacao.com\/1\/wp-json\/wp\/v2\/categories?post=108186"},{"taxonomy":"post_tag","embeddable":true,"href":"https:\/\/www.caririemacao.com\/1\/wp-json\/wp\/v2\/tags?post=108186"}],"curies":[{"name":"wp","href":"https:\/\/api.w.org\/{rel}","templated":true}]}}