{"id":108200,"date":"2019-08-01T23:25:55","date_gmt":"2019-08-02T02:25:55","guid":{"rendered":"http:\/\/www.caririemacao.com\/1\/?p=108200"},"modified":"2019-08-02T09:28:10","modified_gmt":"2019-08-02T12:28:10","slug":"edna-henrique-diz-que-nao-teve-enderecos-visitados-pela-pf-e-aponta-tentativa-de-abafar-operacao-feudo","status":"publish","type":"post","link":"https:\/\/www.caririemacao.com\/1\/2019\/08\/01\/edna-henrique-diz-que-nao-teve-enderecos-visitados-pela-pf-e-aponta-tentativa-de-abafar-operacao-feudo\/","title":{"rendered":"Edna Henrique diz que n\u00e3o teve endere\u00e7os visitados pela PF e aponta tentativa de abafar \u201cOpera\u00e7\u00e3o Feudo\u201d"},"content":{"rendered":"\n<p>A deputada federal Edna Henrique lamentou os ataques patrocinados pela comunica\u00e7\u00e3o da Prefeitura Municipal de Monteiro, numa clara tentativa de abafar o esc\u00e2ndalo da \u201cOpera\u00e7\u00e3o Feudo\u201d, aberta para investigar irregularidades em licita\u00e7\u00f5es de 2017 e 2018 no munic\u00edpio. O nome Feudo remete ao v\u00ednculo familiar entre os integrantes do grupo criminoso atuante em Monteiro.<\/p>\n\n\n\n<p>Em decorr\u00eancia dessa Opera\u00e7\u00e3o, policiais estiveram nas resid\u00eancias da Prefeita Anna Lorena e nos endere\u00e7os das secret\u00e1rias de Sa\u00fade e Educa\u00e7\u00e3o, al\u00e9m da Prefeitura.<\/p>\n\n\n\n<p>Fake News &#8211; Nesta quinta-feira (1\u00ba), uma mat\u00e9ria da comunica\u00e7\u00e3o do Munic\u00edpio traz a informa\u00e7\u00e3o de que a gest\u00e3o da ex-prefeita Edna Henrique pagou quase R$ 2 milh\u00f5es entre os anos de 2014 e 2016 a uma das empresas investigadas em outra opera\u00e7\u00e3o, a \u201cOpera\u00e7\u00e3o Famintos\u201d.<\/p>\n\n\n\n<p>Veja nota da deputada:<\/p>\n\n\n\n<p>\u201cN\u00e3o tive endere\u00e7o visitado pela Pol\u00edcia Federal em nenhuma Opera\u00e7\u00e3o. N\u00e3o tenho nada a temer, ao contr\u00e1rio dos que tentam abafar o esc\u00e2ndalo da \u2018Opera\u00e7\u00e3o Feudo\u2019.<\/p>\n\n\n\n<p>A empresa Delmira Feliciano ME, de fato, forneceu produtos ao Munic\u00edpio de Monteiro na minha gest\u00e3o, pois venceu uma licita\u00e7\u00e3o em 2014, assim como ocorreu com v\u00e1rios outros munic\u00edpios e com o pr\u00f3prio Governo do Estado da Para\u00edba.<\/p>\n\n\n\n<p>Deixo claro que minha gest\u00e3o n\u00e3o podia proibir que essa empresa participasse de qualquer licita\u00e7\u00e3o, at\u00e9 porque, \u00e0 \u00e9poca, n\u00e3o havia nada contra ela.<\/p>\n\n\n\n<p>A grande diferen\u00e7a entre os atos da minha gest\u00e3o e de gest\u00f5es que est\u00e3o sendo investigadas, \u00e9 que n\u00e3o fizemos nenhum conchavo com essa ou qualquer outra empresa. Por isso, repito, n\u00e3o estou sendo sequer investigada.<\/p>\n\n\n\n<p>Na minha gest\u00e3o, a merenda foi fornecida da forma, na qualidade e na quantidade exigidos no contrato, por isso n\u00e3o fui visitada nem tive meu celular apreendido pela PF.<\/p>\n\n\n\n<p>Os pr\u00f3prios pais dos alunos da rede municipal podem atestar a qualidade da merenda servida na minha gest\u00e3o.<\/p>\n\n\n\n<p>Portanto, o crime n\u00e3o est\u00e1 no fato de essa empresa ter firmado contrato e fornecido merenda ao munic\u00edpio, mas em eventuais conchavos feitos entre essa empresa e o gestor ou gestora municipal, visando o enriquecimento il\u00edcito de ambas as partes, em detrimento da popula\u00e7\u00e3o.<\/p>\n\n\n\n<p>Para provar que n\u00e3o tenho o que temer, abro m\u00e3o do meu sigilo telef\u00f4nico, banc\u00e1rio e fiscal, e renuncio minha imunidade parlamentar, para colaborar com qualquer investiga\u00e7\u00e3o que porventura envolva meu mandado de prefeita\u201d, disse a deputada.<\/p>\n\n\n\n<p>Portanto a mat\u00e9ria n\u00e3o passa de Fake News, e a assessoria jur\u00eddica da parlamentar ir\u00e1 acionar civil e criminalmente os respons\u00e1veis pela produ\u00e7\u00e3o e dissemina\u00e7\u00e3o dessas inverdades.<\/p>\n","protected":false},"excerpt":{"rendered":"<p>A deputada federal Edna Henrique lamentou os ataques patrocinados pela comunica\u00e7\u00e3o da Prefeitura Municipal de Monteiro, numa clara tentativa de abafar o esc\u00e2ndalo da \u201cOpera\u00e7\u00e3o&hellip; <\/p>\n","protected":false},"author":2,"featured_media":108201,"comment_status":"closed","ping_status":"closed","sticky":false,"template":"","format":"standard","meta":{"sfsi_plus_gutenberg_text_before_share":"","sfsi_plus_gutenberg_show_text_before_share":"","sfsi_plus_gutenberg_icon_type":"","sfsi_plus_gutenberg_icon_alignemt":"","sfsi_plus_gutenburg_max_per_row":"","footnotes":""},"categories":[2],"tags":[],"class_list":["post-108200","post","type-post","status-publish","format-standard","has-post-thumbnail","hentry","category-geral"],"_links":{"self":[{"href":"https:\/\/www.caririemacao.com\/1\/wp-json\/wp\/v2\/posts\/108200","targetHints":{"allow":["GET"]}}],"collection":[{"href":"https:\/\/www.caririemacao.com\/1\/wp-json\/wp\/v2\/posts"}],"about":[{"href":"https:\/\/www.caririemacao.com\/1\/wp-json\/wp\/v2\/types\/post"}],"author":[{"embeddable":true,"href":"https:\/\/www.caririemacao.com\/1\/wp-json\/wp\/v2\/users\/2"}],"replies":[{"embeddable":true,"href":"https:\/\/www.caririemacao.com\/1\/wp-json\/wp\/v2\/comments?post=108200"}],"version-history":[{"count":1,"href":"https:\/\/www.caririemacao.com\/1\/wp-json\/wp\/v2\/posts\/108200\/revisions"}],"predecessor-version":[{"id":108202,"href":"https:\/\/www.caririemacao.com\/1\/wp-json\/wp\/v2\/posts\/108200\/revisions\/108202"}],"wp:featuredmedia":[{"embeddable":true,"href":"https:\/\/www.caririemacao.com\/1\/wp-json\/wp\/v2\/media\/108201"}],"wp:attachment":[{"href":"https:\/\/www.caririemacao.com\/1\/wp-json\/wp\/v2\/media?parent=108200"}],"wp:term":[{"taxonomy":"category","embeddable":true,"href":"https:\/\/www.caririemacao.com\/1\/wp-json\/wp\/v2\/categories?post=108200"},{"taxonomy":"post_tag","embeddable":true,"href":"https:\/\/www.caririemacao.com\/1\/wp-json\/wp\/v2\/tags?post=108200"}],"curies":[{"name":"wp","href":"https:\/\/api.w.org\/{rel}","templated":true}]}}