{"id":108206,"date":"2019-08-02T11:17:00","date_gmt":"2019-08-02T14:17:00","guid":{"rendered":"http:\/\/www.caririemacao.com\/1\/?p=108206"},"modified":"2019-08-02T11:17:00","modified_gmt":"2019-08-02T14:17:00","slug":"bolsonaro-diz-que-errou-ao-insistir-em-demarcacao-de-terras-indigenas-pela-agricultura","status":"publish","type":"post","link":"https:\/\/www.caririemacao.com\/1\/2019\/08\/02\/bolsonaro-diz-que-errou-ao-insistir-em-demarcacao-de-terras-indigenas-pela-agricultura\/","title":{"rendered":"Bolsonaro diz que errou ao insistir em demarca\u00e7\u00e3o de terras ind\u00edgenas pela Agricultura"},"content":{"rendered":"\n<p>O presidente Jair Bolsonaro reconheceu nesta sexta-feira (2) que cometeu um erro ao ter assinado uma nova medida provis\u00f3ria transferindo para o Minist\u00e9rio da Agricultura a responsabilidade de demarcar terras ind\u00edgenas.<\/p>\n\n\n\n<p>Por unanimidade, o STF (Supremo Tribunal Federal) manteve a suspens\u00e3o da iniciativa e a prerrogativa de demarca\u00e7\u00e3o com a Funai (Funda\u00e7\u00e3o Nacional do \u00cdndio).<\/p>\n\n\n\n<p>O Poder Legislativo j\u00e1 tinha se posicionado contra a mudan\u00e7a, mas o presidente insistiu e enviou uma nova medida provis\u00f3ria sobre o mesmo assunto, o que a legisla\u00e7\u00e3o n\u00e3o permite que seja feito na mesma legislatura.<\/p>\n\n\n\n<p>&#8220;Teve uma falha nossa. Eu j\u00e1 adverti a minha assessoria, teve uma falha nossa. A gente n\u00e3o poderia no mesmo ano fazer uma medida provis\u00f3ria de um assunto. Houve falha nossa. \u00c9 falha, \u00e9 minha, n\u00e9? \u00c9 minha porque eu assinei&#8221;, disse.<\/p>\n\n\n\n<p>Bolsonaro fez quest\u00e3o de ressaltar que a decis\u00e3o da Suprema Corte foi &#8220;acertada&#8221;. Em seu voto, o ministro Celso de Mello disse considerar a reedi\u00e7\u00e3o da iniciativa &#8220;um resqu\u00edcio de autoritarismo&#8221;.<\/p>\n\n\n\n<p>O presidente reconheceu o equ\u00edvoco ap\u00f3s cumprimentar simpatizantes na entrada do Pal\u00e1cio do Alvorada. No local, ele avaliou ainda que h\u00e1 um mal-entendido no pa\u00eds sobre a atividade de garimpagem.<\/p>\n\n\n\n<p>Segundo pesquisa Datafolha, divulgada nesta sexta-feira (2), 86% rejeitam proposta elaborada pelo Pal\u00e1cio do Planalto de permitir a garimpagem em reservas ind\u00edgenas.<br>&#8220;Eu acredito que possa ser um n\u00famero realmente compat\u00edvel, porque, do lado de c\u00e1, quando se fala em garimpo, vem a imagem de um cara com jato de \u00e1gua desbarrancando tudo&#8221;, disse. &#8220;N\u00e3o \u00e9 assim esse garimpo. Esse \u00e9 o industrial, geralmente&#8221;, acrescentou.<\/p>\n\n\n\n<p>Ele explicou que a iniciativa permitir\u00e1 a atua\u00e7\u00e3o de garimpeiros aut\u00f4nomos, mas reconheceu que \u00e9 uma medida pol\u00eamica. Por isso, avalia divulgar o conte\u00fado da proposta antes de envi\u00e1-la \u00e0 C\u00e2mara dos Deputados.<\/p>\n\n\n\n<p>&#8220;O que tenho vontade de fazer, antes de apresentar um projeto pol\u00eamico, \u00e9 publicar o anteprojeto de lei, para ter cr\u00edticas&#8221;, disse.&nbsp;<\/p>\n\n\n\n<p>Bolsonaro lembrou que ele pr\u00f3prio j\u00e1 garimpou e que a ideia \u00e9 que os garimpeiros passem, a partir de agora, a fazer a atividade respeitando o meio ambiente, sem utilizar merc\u00fario.<\/p>\n\n\n\n<p>&#8220;O garimpeiro vive disso. S\u00e3o seres humanos. Se voc\u00ea n\u00e3o regulamentar ou legalizar, eles v\u00e3o continuar fazendo isso. Algumas vezes de forma inadequada&#8221;, disse.<\/p>\n\n\n\n<p><strong>O VAIV\u00c9M DA MP DE BOLSONARO<\/strong><\/p>\n\n\n\n<p><strong>Reforma administrativa<\/strong><\/p>\n\n\n\n<p>Em janeiro, Bolsonaro editou a MP 870, que reduzia o n\u00famero de minist\u00e9rios, propunha mudan\u00e7as na organiza\u00e7\u00e3o do governo e deixava a cargo da pasta da Agricultura a demarca\u00e7\u00e3o de terras ind\u00edgenas e quilombolas&nbsp;<\/p>\n\n\n\n<p><strong>Congresso<\/strong><\/p>\n\n\n\n<p>No fim de maio, ao votar a MP, o Congresso devolveu a compet\u00eancia sobre terras ind\u00edgenas e quilombolas para o Minist\u00e9rio da Justi\u00e7a, onde voltou a estar lotada a Funai (Funda\u00e7\u00e3o Nacional do \u00cdndio)<\/p>\n\n\n\n<p><strong>Nova MP<\/strong><\/p>\n\n\n\n<p>Em 19 de junho, o governo editou nova MP para reverter a decis\u00e3o do Congresso<\/p>\n\n\n\n<p><strong>&#8216;Quem manda sou eu&#8217;<\/strong><\/p>\n\n\n\n<p>Logo depois de lan\u00e7ar a medida, Bolsonaro disse que ele tinha o poder de decidir sobre terras ind\u00edgenas e que n\u00e3o iria autorizar novas demarca\u00e7\u00f5es&nbsp;<\/p>\n\n\n\n<p><strong>Liminar no STF<\/strong><\/p>\n\n\n\n<p>Em 24 de junho, o ministro Barroso concedeu liminar (decis\u00e3o provis\u00f3ria) suspendendo a nova MP por entender que o governo tentou reeditar medida provis\u00f3ria j\u00e1 derrubada no Congresso, o que n\u00e3o \u00e9 permitido<\/p>\n\n\n\n<p><strong>Defini\u00e7\u00e3o<\/strong><\/p>\n\n\n\n<p>Nesta quinta (1\u00ba), o plen\u00e1rio do Supremo decidiu manter a MP suspensa<\/p>\n","protected":false},"excerpt":{"rendered":"<p>O presidente Jair Bolsonaro reconheceu nesta sexta-feira (2) que cometeu um erro ao ter assinado uma nova medida provis\u00f3ria transferindo para o Minist\u00e9rio da Agricultura&hellip; <\/p>\n","protected":false},"author":1,"featured_media":107081,"comment_status":"closed","ping_status":"closed","sticky":false,"template":"","format":"standard","meta":{"sfsi_plus_gutenberg_text_before_share":"","sfsi_plus_gutenberg_show_text_before_share":"","sfsi_plus_gutenberg_icon_type":"","sfsi_plus_gutenberg_icon_alignemt":"","sfsi_plus_gutenburg_max_per_row":"","footnotes":""},"categories":[11],"tags":[],"class_list":["post-108206","post","type-post","status-publish","format-standard","has-post-thumbnail","hentry","category-politica"],"_links":{"self":[{"href":"https:\/\/www.caririemacao.com\/1\/wp-json\/wp\/v2\/posts\/108206","targetHints":{"allow":["GET"]}}],"collection":[{"href":"https:\/\/www.caririemacao.com\/1\/wp-json\/wp\/v2\/posts"}],"about":[{"href":"https:\/\/www.caririemacao.com\/1\/wp-json\/wp\/v2\/types\/post"}],"author":[{"embeddable":true,"href":"https:\/\/www.caririemacao.com\/1\/wp-json\/wp\/v2\/users\/1"}],"replies":[{"embeddable":true,"href":"https:\/\/www.caririemacao.com\/1\/wp-json\/wp\/v2\/comments?post=108206"}],"version-history":[{"count":1,"href":"https:\/\/www.caririemacao.com\/1\/wp-json\/wp\/v2\/posts\/108206\/revisions"}],"predecessor-version":[{"id":108207,"href":"https:\/\/www.caririemacao.com\/1\/wp-json\/wp\/v2\/posts\/108206\/revisions\/108207"}],"wp:featuredmedia":[{"embeddable":true,"href":"https:\/\/www.caririemacao.com\/1\/wp-json\/wp\/v2\/media\/107081"}],"wp:attachment":[{"href":"https:\/\/www.caririemacao.com\/1\/wp-json\/wp\/v2\/media?parent=108206"}],"wp:term":[{"taxonomy":"category","embeddable":true,"href":"https:\/\/www.caririemacao.com\/1\/wp-json\/wp\/v2\/categories?post=108206"},{"taxonomy":"post_tag","embeddable":true,"href":"https:\/\/www.caririemacao.com\/1\/wp-json\/wp\/v2\/tags?post=108206"}],"curies":[{"name":"wp","href":"https:\/\/api.w.org\/{rel}","templated":true}]}}