{"id":108211,"date":"2019-08-02T11:19:22","date_gmt":"2019-08-02T14:19:22","guid":{"rendered":"http:\/\/www.caririemacao.com\/1\/?p=108211"},"modified":"2019-08-02T11:19:22","modified_gmt":"2019-08-02T14:19:22","slug":"morre-jovem-atingido-com-tiro-na-cabeca-em-santa-rita","status":"publish","type":"post","link":"https:\/\/www.caririemacao.com\/1\/2019\/08\/02\/morre-jovem-atingido-com-tiro-na-cabeca-em-santa-rita\/","title":{"rendered":"Morre jovem atingido com tiro na cabe\u00e7a em Santa Rita"},"content":{"rendered":"\n<p>Morreu na manh\u00e3 desta sexta-feira (2), o jovem baleado na cabe\u00e7a enquanto assistia a um jogo em um gin\u00e1sio, no munic\u00edpio de Santa Rita, na Para\u00edba.&nbsp;<\/p>\n\n\n\n<p>O jovem chegou a ser&nbsp;<a href=\"https:\/\/www.clickpb.com.br\/Policial\/jovem-e-baleado-na-cabeca-e-no-torax-enquanto-assistia-jogo-em-ginasio-na-paraiba-265075.html\">socorrido para o Hospital de Trauma de Jo\u00e3o Pessoa<\/a>, mas n\u00e3o resistiu aos ferimentos e morreu na unidade de sa\u00fade.<\/p>\n\n\n\n<p>At\u00e9 o momento, ningu\u00e9m foi preso.&nbsp;<\/p>\n","protected":false},"excerpt":{"rendered":"<p>Morreu na manh\u00e3 desta sexta-feira (2), o jovem baleado na cabe\u00e7a enquanto assistia a um jogo em um gin\u00e1sio, no munic\u00edpio de Santa Rita, na&hellip; <\/p>\n","protected":false},"author":1,"featured_media":89162,"comment_status":"closed","ping_status":"closed","sticky":false,"template":"","format":"standard","meta":{"sfsi_plus_gutenberg_text_before_share":"","sfsi_plus_gutenberg_show_text_before_share":"","sfsi_plus_gutenberg_icon_type":"","sfsi_plus_gutenberg_icon_alignemt":"","sfsi_plus_gutenburg_max_per_row":"","footnotes":""},"categories":[12],"tags":[],"class_list":["post-108211","post","type-post","status-publish","format-standard","has-post-thumbnail","hentry","category-policia"],"_links":{"self":[{"href":"https:\/\/www.caririemacao.com\/1\/wp-json\/wp\/v2\/posts\/108211","targetHints":{"allow":["GET"]}}],"collection":[{"href":"https:\/\/www.caririemacao.com\/1\/wp-json\/wp\/v2\/posts"}],"about":[{"href":"https:\/\/www.caririemacao.com\/1\/wp-json\/wp\/v2\/types\/post"}],"author":[{"embeddable":true,"href":"https:\/\/www.caririemacao.com\/1\/wp-json\/wp\/v2\/users\/1"}],"replies":[{"embeddable":true,"href":"https:\/\/www.caririemacao.com\/1\/wp-json\/wp\/v2\/comments?post=108211"}],"version-history":[{"count":1,"href":"https:\/\/www.caririemacao.com\/1\/wp-json\/wp\/v2\/posts\/108211\/revisions"}],"predecessor-version":[{"id":108212,"href":"https:\/\/www.caririemacao.com\/1\/wp-json\/wp\/v2\/posts\/108211\/revisions\/108212"}],"wp:featuredmedia":[{"embeddable":true,"href":"https:\/\/www.caririemacao.com\/1\/wp-json\/wp\/v2\/media\/89162"}],"wp:attachment":[{"href":"https:\/\/www.caririemacao.com\/1\/wp-json\/wp\/v2\/media?parent=108211"}],"wp:term":[{"taxonomy":"category","embeddable":true,"href":"https:\/\/www.caririemacao.com\/1\/wp-json\/wp\/v2\/categories?post=108211"},{"taxonomy":"post_tag","embeddable":true,"href":"https:\/\/www.caririemacao.com\/1\/wp-json\/wp\/v2\/tags?post=108211"}],"curies":[{"name":"wp","href":"https:\/\/api.w.org\/{rel}","templated":true}]}}