{"id":108216,"date":"2019-08-02T11:27:31","date_gmt":"2019-08-02T14:27:31","guid":{"rendered":"http:\/\/www.caririemacao.com\/1\/?p=108216"},"modified":"2019-08-02T11:27:31","modified_gmt":"2019-08-02T14:27:31","slug":"prefeitura-de-pianco-divulga-editais-de-para-concurso-publico-e-processo-seletivo-com-157-vagas","status":"publish","type":"post","link":"https:\/\/www.caririemacao.com\/1\/2019\/08\/02\/prefeitura-de-pianco-divulga-editais-de-para-concurso-publico-e-processo-seletivo-com-157-vagas\/","title":{"rendered":"Prefeitura de Pianc\u00f3 divulga editais de para concurso p\u00fablico e processo seletivo com 157 vagas"},"content":{"rendered":"\n<p>A Prefeitura de Pianc\u00f3 divulgou dois editais de concurso p\u00fablico e processo seletivo com 157 vagas para os n\u00edveis fundamental, m\u00e9dio e superior e sal\u00e1rios de at\u00e9 R$ 1.725.&nbsp;<\/p>\n\n\n\n<p>De acordo com o certame o concurso p\u00fablico oferece 27 vagas de emprego com sal\u00e1rios de at\u00e9 R$ 1.725.&nbsp;<\/p>\n\n\n\n<p>Os interessados poder\u00e3o se inscrever atrav\u00e9s&nbsp;<a href=\"https:\/\/cpcon.uepb.edu.br\/concursos\/2019_PM_PIANCO\/\">do site da CPCON<\/a>&nbsp;a partir do dia 8 de agosto, at\u00e9 o dia 05 de setembro.&nbsp;<\/p>\n\n\n\n<p>A prova acontece no dia 20 de outubro.&nbsp;<br><a href=\"https:\/\/www.clickpb.com.br\/media\/filer_public\/d9\/cc\/d9ccff56-7dd1-4e27-a631-c40723e5b162\/edital_normativo_001_2019_pmp_pb.pdf\">Confira o edital do concurso<\/a><\/p>\n\n\n\n<p>J\u00e1 o processo seletivo oferece 130 vagas com sal\u00e1rio de R$ 998.&nbsp;<\/p>\n\n\n\n<p>Os interessados poder\u00e3o se inscrever atrav\u00e9s&nbsp;<a href=\"https:\/\/cpcon.uepb.edu.br\/concursos\/2019_PM_PIANCO\/\">do site da CPCON<\/a>&nbsp;a partir do dia 8 de agosto, at\u00e9 o dia 15&nbsp;de agosto.<\/p>\n\n\n\n<p>A prova acontece no dia 20 de outubro.&nbsp;<\/p>\n\n\n\n<p><a href=\"https:\/\/www.clickpb.com.br\/media\/filer_public\/81\/75\/8175f9c0-2048-4032-9f29-a7e61f0087ec\/edital_normativo_001_2019_ps_pmp_pb.pdf\">Confira o edital do processo seletivo<\/a><\/p>\n","protected":false},"excerpt":{"rendered":"<p>A Prefeitura de Pianc\u00f3 divulgou dois editais de concurso p\u00fablico e processo seletivo com 157 vagas para os n\u00edveis fundamental, m\u00e9dio e superior e sal\u00e1rios&hellip; <\/p>\n","protected":false},"author":1,"featured_media":22699,"comment_status":"closed","ping_status":"closed","sticky":false,"template":"","format":"standard","meta":{"sfsi_plus_gutenberg_text_before_share":"","sfsi_plus_gutenberg_show_text_before_share":"","sfsi_plus_gutenberg_icon_type":"","sfsi_plus_gutenberg_icon_alignemt":"","sfsi_plus_gutenburg_max_per_row":"","footnotes":""},"categories":[2],"tags":[],"class_list":["post-108216","post","type-post","status-publish","format-standard","has-post-thumbnail","hentry","category-geral"],"_links":{"self":[{"href":"https:\/\/www.caririemacao.com\/1\/wp-json\/wp\/v2\/posts\/108216","targetHints":{"allow":["GET"]}}],"collection":[{"href":"https:\/\/www.caririemacao.com\/1\/wp-json\/wp\/v2\/posts"}],"about":[{"href":"https:\/\/www.caririemacao.com\/1\/wp-json\/wp\/v2\/types\/post"}],"author":[{"embeddable":true,"href":"https:\/\/www.caririemacao.com\/1\/wp-json\/wp\/v2\/users\/1"}],"replies":[{"embeddable":true,"href":"https:\/\/www.caririemacao.com\/1\/wp-json\/wp\/v2\/comments?post=108216"}],"version-history":[{"count":1,"href":"https:\/\/www.caririemacao.com\/1\/wp-json\/wp\/v2\/posts\/108216\/revisions"}],"predecessor-version":[{"id":108217,"href":"https:\/\/www.caririemacao.com\/1\/wp-json\/wp\/v2\/posts\/108216\/revisions\/108217"}],"wp:featuredmedia":[{"embeddable":true,"href":"https:\/\/www.caririemacao.com\/1\/wp-json\/wp\/v2\/media\/22699"}],"wp:attachment":[{"href":"https:\/\/www.caririemacao.com\/1\/wp-json\/wp\/v2\/media?parent=108216"}],"wp:term":[{"taxonomy":"category","embeddable":true,"href":"https:\/\/www.caririemacao.com\/1\/wp-json\/wp\/v2\/categories?post=108216"},{"taxonomy":"post_tag","embeddable":true,"href":"https:\/\/www.caririemacao.com\/1\/wp-json\/wp\/v2\/tags?post=108216"}],"curies":[{"name":"wp","href":"https:\/\/api.w.org\/{rel}","templated":true}]}}