{"id":108248,"date":"2019-08-02T12:00:45","date_gmt":"2019-08-02T15:00:45","guid":{"rendered":"http:\/\/www.caririemacao.com\/1\/?p=108248"},"modified":"2019-08-02T13:56:08","modified_gmt":"2019-08-02T16:56:08","slug":"vereadores-congoenses-aprovam-requerimentos-em-defesa-do-cidadao","status":"publish","type":"post","link":"https:\/\/www.caririemacao.com\/1\/2019\/08\/02\/vereadores-congoenses-aprovam-requerimentos-em-defesa-do-cidadao\/","title":{"rendered":"Vereadores congoenses aprovam requerimentos em defesa do cidad\u00e3o"},"content":{"rendered":"\n<p>Os vereadores do Congo estiveram reunidos na noite desta quinta-feira, dia 1\u00ba, para debaterem assuntos de interesses da popula\u00e7\u00e3o, sendo aprovados 06 requerimentos, 03 do vereador e presidente Lenilson Bezerra, 02 do vereador Ademir de Oliveira (M\u00ed de Zeca), 01 de Aderaldo Pereira, al\u00e9m de um PL de autoria do prefeito J\u00fanior Quirino.<\/p>\n\n\n\n<figure class=\"wp-block-image\"><img fetchpriority=\"high\" decoding=\"async\" width=\"960\" height=\"640\" src=\"http:\/\/www.caririemacao.com\/1\/wp-content\/uploads\/2019\/08\/67785499_1612031838932833_8345362420973174784_n.jpg\" alt=\"\" class=\"wp-image-108251\" srcset=\"https:\/\/www.caririemacao.com\/1\/wp-content\/uploads\/2019\/08\/67785499_1612031838932833_8345362420973174784_n.jpg 960w, https:\/\/www.caririemacao.com\/1\/wp-content\/uploads\/2019\/08\/67785499_1612031838932833_8345362420973174784_n-300x200.jpg 300w, https:\/\/www.caririemacao.com\/1\/wp-content\/uploads\/2019\/08\/67785499_1612031838932833_8345362420973174784_n-768x512.jpg 768w\" sizes=\"(max-width: 960px) 100vw, 960px\" \/><\/figure>\n\n\n\n<p><strong>Ademir de Oliveira\n<\/strong><strong>(M\u00ed\nde Zeca)<\/strong><strong><\/strong><\/p>\n\n\n\n<p>Solicitou a realiza\u00e7\u00e3o de plantio de \u00e1rvores no entorno do campo da Laginha e constru\u00e7\u00e3o de uma base para a caixa de \u00e1gua da Laginha, a recupera\u00e7\u00e3o da estrada do Riach\u00e3o, principalmente na \u00e1rea passando pelo Ventura onde necessita de uma terraplanagem.<\/p>\n\n\n\n<figure class=\"wp-block-image\"><img decoding=\"async\" width=\"960\" height=\"640\" data-src=\"http:\/\/www.caririemacao.com\/1\/wp-content\/uploads\/2019\/08\/67487682_1612033785599305_444123884971622400_n.jpg\" alt=\"\" class=\"wp-image-108250 lazyload\" data-srcset=\"https:\/\/www.caririemacao.com\/1\/wp-content\/uploads\/2019\/08\/67487682_1612033785599305_444123884971622400_n.jpg 960w, https:\/\/www.caririemacao.com\/1\/wp-content\/uploads\/2019\/08\/67487682_1612033785599305_444123884971622400_n-300x200.jpg 300w, https:\/\/www.caririemacao.com\/1\/wp-content\/uploads\/2019\/08\/67487682_1612033785599305_444123884971622400_n-768x512.jpg 768w\" data-sizes=\"(max-width: 960px) 100vw, 960px\" src=\"data:image\/svg+xml;base64,PHN2ZyB3aWR0aD0iMSIgaGVpZ2h0PSIxIiB4bWxucz0iaHR0cDovL3d3dy53My5vcmcvMjAwMC9zdmciPjwvc3ZnPg==\" style=\"--smush-placeholder-width: 960px; --smush-placeholder-aspect-ratio: 960\/640;\" \/><\/figure>\n\n\n\n<p><strong>Aderaldo\nPereira<\/strong><\/p>\n\n\n\n<p>Requereu a Prefeitura Municipal que realize audi\u00eancias p\u00fablicas para elabora\u00e7\u00e3o de or\u00e7amento de forma democr\u00e1tica no munic\u00edpio de Congo. \u201c\u00c9 de grande import\u00e2ncia para a popula\u00e7\u00e3o do nosso munic\u00edpio e principalmente da Zona Rural, que a prefeitura realize audi\u00eancias p\u00fabicas para realiza\u00e7\u00e3o do or\u00e7amento do exerc\u00edcio de 2020 de uma forma democr\u00e1tica, com a participa\u00e7\u00e3o de todas Comunidades Rurais e principalmente as fronteiri\u00e7as a exemplo do Carmo e Pindur\u00e3o, com o objetivo de detectar os problemas e necessidades das comunidades para o poder p\u00fablico tentar solucionar, de uma forma participativa e democr\u00e1tica.<\/p>\n\n\n\n<figure class=\"wp-block-image\"><img decoding=\"async\" width=\"960\" height=\"640\" data-src=\"http:\/\/www.caririemacao.com\/1\/wp-content\/uploads\/2019\/08\/68741815_1612034278932589_489179715404300288_n.jpg\" alt=\"\" class=\"wp-image-108252 lazyload\" data-srcset=\"https:\/\/www.caririemacao.com\/1\/wp-content\/uploads\/2019\/08\/68741815_1612034278932589_489179715404300288_n.jpg 960w, https:\/\/www.caririemacao.com\/1\/wp-content\/uploads\/2019\/08\/68741815_1612034278932589_489179715404300288_n-300x200.jpg 300w, https:\/\/www.caririemacao.com\/1\/wp-content\/uploads\/2019\/08\/68741815_1612034278932589_489179715404300288_n-768x512.jpg 768w\" data-sizes=\"(max-width: 960px) 100vw, 960px\" src=\"data:image\/svg+xml;base64,PHN2ZyB3aWR0aD0iMSIgaGVpZ2h0PSIxIiB4bWxucz0iaHR0cDovL3d3dy53My5vcmcvMjAwMC9zdmciPjwvc3ZnPg==\" style=\"--smush-placeholder-width: 960px; --smush-placeholder-aspect-ratio: 960\/640;\" \/><\/figure>\n\n\n\n<p><strong>Lenilson\nBezerra<\/strong><\/p>\n\n\n\n<p>Lenilson solicitou a limpeza nas barragens e manuten\u00e7\u00e3o das passagens molhadas da zona rural, como exemplo a do Riacho do Mel, Riacho do Algod\u00e3o e Rio do Meio. Ele tamb\u00e9m requereu a recupera\u00e7\u00e3o dos campos de futebol das comunidades rurais do munic\u00edpio.<\/p>\n\n\n\n<p>Lenilson tamb\u00e9m pediu que a Prefeitura substitua as l\u00e2mpadas nos postes nas comunidades rurais do munic\u00edpio, j\u00e1 que a popula\u00e7\u00e3o est\u00e1 reclamando da falta de aten\u00e7\u00e3o do prefeito J\u00fanior.<\/p>\n\n\n\n<p>Ainda foi aprovado em primeiro turno o projeto de lei que altera o prazo para empr\u00e9stimos consignados de servidores em institui\u00e7\u00f5es financeiras. Segundo o texto do PL, quando aprovado, o m\u00e1ximo da vig\u00eancia contratual de empr\u00e9stimo consignado para os servidores efetivos fica em 96 (noventa e seis) meses e para servidores comissionados ser\u00e1 48 (quarenta e oito) meses.<\/p>\n\n\n\n<p>VEJA TODAS AS FOTOS AQUI. <a href=\"https:\/\/www.facebook.com\/pg\/CaririEmAcao\/photos\/?tab=album&amp;album_id=1612031525599531\">CLIQUE NESTE LINK.<\/a><\/p>\n","protected":false},"excerpt":{"rendered":"<p>Os vereadores do Congo estiveram reunidos na noite desta quinta-feira, dia 1\u00ba, para debaterem assuntos de interesses da popula\u00e7\u00e3o, sendo aprovados 06 requerimentos, 03 do&hellip; <\/p>\n","protected":false},"author":2,"featured_media":108249,"comment_status":"closed","ping_status":"closed","sticky":false,"template":"","format":"standard","meta":{"sfsi_plus_gutenberg_text_before_share":"","sfsi_plus_gutenberg_show_text_before_share":"","sfsi_plus_gutenberg_icon_type":"","sfsi_plus_gutenberg_icon_alignemt":"","sfsi_plus_gutenburg_max_per_row":"","footnotes":""},"categories":[6,50],"tags":[],"class_list":["post-108248","post","type-post","status-publish","format-standard","has-post-thumbnail","hentry","category-cidades","category-destaque"],"_links":{"self":[{"href":"https:\/\/www.caririemacao.com\/1\/wp-json\/wp\/v2\/posts\/108248","targetHints":{"allow":["GET"]}}],"collection":[{"href":"https:\/\/www.caririemacao.com\/1\/wp-json\/wp\/v2\/posts"}],"about":[{"href":"https:\/\/www.caririemacao.com\/1\/wp-json\/wp\/v2\/types\/post"}],"author":[{"embeddable":true,"href":"https:\/\/www.caririemacao.com\/1\/wp-json\/wp\/v2\/users\/2"}],"replies":[{"embeddable":true,"href":"https:\/\/www.caririemacao.com\/1\/wp-json\/wp\/v2\/comments?post=108248"}],"version-history":[{"count":4,"href":"https:\/\/www.caririemacao.com\/1\/wp-json\/wp\/v2\/posts\/108248\/revisions"}],"predecessor-version":[{"id":108283,"href":"https:\/\/www.caririemacao.com\/1\/wp-json\/wp\/v2\/posts\/108248\/revisions\/108283"}],"wp:featuredmedia":[{"embeddable":true,"href":"https:\/\/www.caririemacao.com\/1\/wp-json\/wp\/v2\/media\/108249"}],"wp:attachment":[{"href":"https:\/\/www.caririemacao.com\/1\/wp-json\/wp\/v2\/media?parent=108248"}],"wp:term":[{"taxonomy":"category","embeddable":true,"href":"https:\/\/www.caririemacao.com\/1\/wp-json\/wp\/v2\/categories?post=108248"},{"taxonomy":"post_tag","embeddable":true,"href":"https:\/\/www.caririemacao.com\/1\/wp-json\/wp\/v2\/tags?post=108248"}],"curies":[{"name":"wp","href":"https:\/\/api.w.org\/{rel}","templated":true}]}}