{"id":108255,"date":"2019-08-02T12:21:41","date_gmt":"2019-08-02T15:21:41","guid":{"rendered":"http:\/\/www.caririemacao.com\/1\/?p=108255"},"modified":"2019-08-02T12:21:41","modified_gmt":"2019-08-02T15:21:41","slug":"pesquisa-da-ufcg-revela-cidade-paraibana-mais-violenta-entre-as-10-do-brasil","status":"publish","type":"post","link":"https:\/\/www.caririemacao.com\/1\/2019\/08\/02\/pesquisa-da-ufcg-revela-cidade-paraibana-mais-violenta-entre-as-10-do-brasil\/","title":{"rendered":"Pesquisa da UFCG revela cidade paraibana mais violenta entre as 10 do Brasil"},"content":{"rendered":"\n<p>Uma perquisa realizada pelo N\u00facleo de Estudos da Viol\u00eancia da Universidade Federal de Campina Grande revelou o ranking das cidades mais violentas do Brasil. Segundo dados do IBGE, dos 5.577 munic\u00edpios brasileiros, apenas 5,4% deles, o que equivale a 299, possuem 100 mil ou mais habitantes. Esta foi a faixa populacional que norteou o estudo.<\/p>\n\n\n\n<p>Os dados foram coletados atrav\u00e9s do DataSUS e tomou por base o ano de 2016, j\u00e1 que no momento da pesquisa os n\u00fameros disponibilizados e consolidados eram referentes \u00e0quele ano.<\/p>\n\n\n\n<figure class=\"wp-block-image\"><img decoding=\"async\" data-src=\"https:\/\/paraibaonline.com.br\/wp-content\/uploads\/2017\/05\/assassinatos.jpg\" alt=\"\" class=\"wp-image-143076 lazyload\" src=\"data:image\/svg+xml;base64,PHN2ZyB3aWR0aD0iMSIgaGVpZ2h0PSIxIiB4bWxucz0iaHR0cDovL3d3dy53My5vcmcvMjAwMC9zdmciPjwvc3ZnPg==\" \/><\/figure>\n\n\n\n<p>Foto: Fernando Fraz\u00e3o\/Ag\u00eancia Brasil<\/p>\n\n\n\n<p>De acordo com o professor e cientista pol\u00edtico Jos\u00e9 Maria Pereira N\u00f3brega J\u00fanior, coordenador do projeto, esses 299 munic\u00edpios concentram praticamente 60% das mortes violentas intencionais, ou seja, os homic\u00eddios.<\/p>\n\n\n\n<p>A metodologia usada para realizar o estudo foi basicamente dividir essas cidades nas cinco regi\u00f5es: Norte, Nordeste, Sudeste, Sul e Centro-Oeste e, a partir da\u00ed, foi poss\u00edvel ter uma estat\u00edstica nacional e tamb\u00e9m regional.<\/p>\n\n\n\n<p>Atrelado a isso, os pesquisadores tamb\u00e9m analisaram aspectos socioecon\u00f4micos como n\u00edvel de renda, de desigualdade social, pobreza, concentra\u00e7\u00e3o de renda e outros, para verificar se as cidades menos violentas t\u00eam diferen\u00e7as socioecon\u00f4micas em rela\u00e7\u00e3o \u00e0s demais.<\/p>\n\n\n\n<p>O professor disse, durante entrevista \u00e0 R\u00e1dio Campina FM, que a regi\u00e3o Nordeste \u00e9 respons\u00e1vel por praticamente 35% de todos os assassinatos, com apenas oito munic\u00edpios do n\u00famero populacional base do estudo.<\/p>\n\n\n\n<p>\u2013 Essas mortes por agress\u00e3o computam todas as que foram intencionais, desde as provocadas por arma de fogo, objetos perfuro-cortantes, asfixia, entre outros. Levantamos esses indicadores e pegamos esses dados brutos do DataSUS e fizemos os c\u00e1lculos em cima da popula\u00e7\u00e3o desses munic\u00edpios, que \u00e9 a amostragem da nossa pesquisa. Esse mapeamento \u00e9 bastante elucidativo porque encontramos cidades como Valinhos, em S\u00e3o Paulo, que teve apenas dois homic\u00eddios no ano de 2016, o que equivale 1,64%, e Queimados, no Rio de Janeiro, que tem popula\u00e7\u00e3o similar \u00e0 de Valinhos, com quase 120 mil habitantes, mas teve 169 homic\u00eddios no mesmo ano, gerando uma taxa de 116,9% \u2013 destacou.<\/p>\n\n\n\n<p>Com rela\u00e7\u00e3o \u00e0 Regi\u00e3o Norte, a cidade que teve maior destaque no n\u00famero de viol\u00eancia foi Altamira, no Par\u00e1.<\/p>\n\n\n\n<p>J\u00e1 com rela\u00e7\u00e3o ao Nordeste, dos mais de 61 mil assassinatos ocorridos no pa\u00eds em 2016, 40% deles foram aqui, o que classifica esta como a regi\u00e3o mais violenta em n\u00fameros absolutos e de taxas por 100 mil habitantes.<\/p>\n\n\n\n<p>\u2013 O Nordeste foi respons\u00e1vel por 12.181 mortes intencionais das mais de 36 mil registradas nos munic\u00edpios selecionados pela pesquisa, o que equivale a 35% dos n\u00fameros registrados. Dos 299 munic\u00edpios referentes \u00e0 nossa amostragem, 62 s\u00e3o cidades nordestinas, o que equivale a 21% destes. A regi\u00e3o Sudeste foi respons\u00e1vel por 31,4% dos homic\u00eddios, mas ela participa com quase 50% dos munic\u00edpios, ou seja, s\u00e3o 145 nesta regi\u00e3o, mas no Nordeste, com menos cidades, concentra mais mortes intencionais do que as do Sudeste \u2013 enumerou.<\/p>\n\n\n\n<p>De acordo com a pesquisa, Eun\u00e1polis, na Bahia, \u00e9 a cidade mais violenta do Nordeste, seguida por Porto Seguro e Lauro de Freitas, tamb\u00e9m no mesmo estado.<\/p>\n\n\n\n<p>A cidade menos violenta do Nordeste \u00e9 Itapipoca, no Cear\u00e1, com 126 mil habitantes e 14 homic\u00eddios registrados em 2016, o que gerou a taxa de 11,09%.<\/p>\n\n\n\n<p>No ranking das 10 mais violentas do Nordeste, aparece Santa Rita, regi\u00e3o de Jo\u00e3o Pessoa, que ocupa a oitava posi\u00e7\u00e3o. Da Para\u00edba, esta \u00e9 a \u00fanica entre as 10 mais. J\u00e1 a Bahia ocupa seis posi\u00e7\u00f5es nesta amostragem.<\/p>\n\n\n\n<p>Jo\u00e3o Pessoa est\u00e1 na 46\u00aa posi\u00e7\u00e3o, com 44,2% no ano de 2016; Campina Grande ocupa a 54\u00aa posi\u00e7\u00e3o, com taxa de 36,5% no n\u00famero de homic\u00eddios; e Patos, no Sert\u00e3o, a 59\u00aa posi\u00e7\u00e3o, com 25,2%.<\/p>\n","protected":false},"excerpt":{"rendered":"<p>Uma perquisa realizada pelo N\u00facleo de Estudos da Viol\u00eancia da Universidade Federal de Campina Grande revelou o ranking das cidades mais violentas do Brasil. Segundo&hellip; <\/p>\n","protected":false},"author":1,"featured_media":38893,"comment_status":"closed","ping_status":"closed","sticky":false,"template":"","format":"standard","meta":{"sfsi_plus_gutenberg_text_before_share":"","sfsi_plus_gutenberg_show_text_before_share":"","sfsi_plus_gutenberg_icon_type":"","sfsi_plus_gutenberg_icon_alignemt":"","sfsi_plus_gutenburg_max_per_row":"","footnotes":""},"categories":[2],"tags":[],"class_list":["post-108255","post","type-post","status-publish","format-standard","has-post-thumbnail","hentry","category-geral"],"_links":{"self":[{"href":"https:\/\/www.caririemacao.com\/1\/wp-json\/wp\/v2\/posts\/108255","targetHints":{"allow":["GET"]}}],"collection":[{"href":"https:\/\/www.caririemacao.com\/1\/wp-json\/wp\/v2\/posts"}],"about":[{"href":"https:\/\/www.caririemacao.com\/1\/wp-json\/wp\/v2\/types\/post"}],"author":[{"embeddable":true,"href":"https:\/\/www.caririemacao.com\/1\/wp-json\/wp\/v2\/users\/1"}],"replies":[{"embeddable":true,"href":"https:\/\/www.caririemacao.com\/1\/wp-json\/wp\/v2\/comments?post=108255"}],"version-history":[{"count":1,"href":"https:\/\/www.caririemacao.com\/1\/wp-json\/wp\/v2\/posts\/108255\/revisions"}],"predecessor-version":[{"id":108258,"href":"https:\/\/www.caririemacao.com\/1\/wp-json\/wp\/v2\/posts\/108255\/revisions\/108258"}],"wp:featuredmedia":[{"embeddable":true,"href":"https:\/\/www.caririemacao.com\/1\/wp-json\/wp\/v2\/media\/38893"}],"wp:attachment":[{"href":"https:\/\/www.caririemacao.com\/1\/wp-json\/wp\/v2\/media?parent=108255"}],"wp:term":[{"taxonomy":"category","embeddable":true,"href":"https:\/\/www.caririemacao.com\/1\/wp-json\/wp\/v2\/categories?post=108255"},{"taxonomy":"post_tag","embeddable":true,"href":"https:\/\/www.caririemacao.com\/1\/wp-json\/wp\/v2\/tags?post=108255"}],"curies":[{"name":"wp","href":"https:\/\/api.w.org\/{rel}","templated":true}]}}