{"id":108262,"date":"2019-08-02T12:28:33","date_gmt":"2019-08-02T15:28:33","guid":{"rendered":"http:\/\/www.caririemacao.com\/1\/?p=108262"},"modified":"2019-08-02T12:28:33","modified_gmt":"2019-08-02T15:28:33","slug":"prefeito-de-sume-emite-nota-de-pesar-pelo-falecimento-do-padre-gabriel","status":"publish","type":"post","link":"https:\/\/www.caririemacao.com\/1\/2019\/08\/02\/prefeito-de-sume-emite-nota-de-pesar-pelo-falecimento-do-padre-gabriel\/","title":{"rendered":"Prefeito de Sum\u00e9 emite nota de pesar pelo falecimento do Padre Gabriel"},"content":{"rendered":"\n<p>O prefeito \u00c9den Duarte manifestou hoje profundo pesar pelo falecimento do Padre Gabriel Hofsted, ocorrido nesta quinta-feira, no Hospital Monte Sinai, no munic\u00edpio de Garanhuns (PE).<br>Padre Gabriel tem uma hist\u00f3ria de vida muito atuante no Cariri Paraibano, onde al\u00e9m do sacerd\u00f3cio, exerceu muitos projetos no segmento da assist\u00eancia social, deixando um legado de solidariedade e de boas a\u00e7\u00f5es voltadas para o pr\u00f3ximo.<br>Em Sum\u00e9, Padre Gabriel, junto com um grupo de holandeses, ajudou a fundar o Projeto M\u00f4nica, que por 20 anos, centenas de crian\u00e7as, principalmente do bairro do Alto Alegre, receberam gratuitamente aulas de refor\u00e7o, de recrea\u00e7\u00e3o e de artes. Projeto este que passou \u00e0 responsabilidade da Prefeitura de Sum\u00e9, em 2017 para dar continuidade aos trabalhos que ali come\u00e7ou a ser desenvolvido pelos holandeses.<br>\u201cAs pessoas s\u00e3o insubstitu\u00edveis em sua exist\u00eancia, e quando s\u00e3o especiais, al\u00e9m da falta que fazem \u00e0queles que as amam, deixam o mundo mais pobre. Sem Padre Gabriel, o mundo perde um pouco do seu brilho, alegria e cor. Que sua trajet\u00f3ria de vida, especialmente o exemplo da caridade, sirva de ensinamento a todos que aqui ficam. Aos familiares e amigos, em nome do munic\u00edpio de Sum\u00e9 externamos os nossos mais sinceros sentimentos e o nosso eterno agradecimento por t\u00e3o boas obras edificadas em nosso munic\u00edpio\u201d, declarou o prefeito \u00c9den.<\/p>\n\n\n\n<p>Ascom<\/p>\n","protected":false},"excerpt":{"rendered":"<p>O prefeito \u00c9den Duarte manifestou hoje profundo pesar pelo falecimento do Padre Gabriel Hofsted, ocorrido nesta quinta-feira, no Hospital Monte Sinai, no munic\u00edpio de Garanhuns&hellip; <\/p>\n","protected":false},"author":1,"featured_media":108265,"comment_status":"closed","ping_status":"closed","sticky":false,"template":"","format":"standard","meta":{"sfsi_plus_gutenberg_text_before_share":"","sfsi_plus_gutenberg_show_text_before_share":"","sfsi_plus_gutenberg_icon_type":"","sfsi_plus_gutenberg_icon_alignemt":"","sfsi_plus_gutenburg_max_per_row":"","footnotes":""},"categories":[2],"tags":[],"class_list":["post-108262","post","type-post","status-publish","format-standard","has-post-thumbnail","hentry","category-geral"],"_links":{"self":[{"href":"https:\/\/www.caririemacao.com\/1\/wp-json\/wp\/v2\/posts\/108262","targetHints":{"allow":["GET"]}}],"collection":[{"href":"https:\/\/www.caririemacao.com\/1\/wp-json\/wp\/v2\/posts"}],"about":[{"href":"https:\/\/www.caririemacao.com\/1\/wp-json\/wp\/v2\/types\/post"}],"author":[{"embeddable":true,"href":"https:\/\/www.caririemacao.com\/1\/wp-json\/wp\/v2\/users\/1"}],"replies":[{"embeddable":true,"href":"https:\/\/www.caririemacao.com\/1\/wp-json\/wp\/v2\/comments?post=108262"}],"version-history":[{"count":1,"href":"https:\/\/www.caririemacao.com\/1\/wp-json\/wp\/v2\/posts\/108262\/revisions"}],"predecessor-version":[{"id":108266,"href":"https:\/\/www.caririemacao.com\/1\/wp-json\/wp\/v2\/posts\/108262\/revisions\/108266"}],"wp:featuredmedia":[{"embeddable":true,"href":"https:\/\/www.caririemacao.com\/1\/wp-json\/wp\/v2\/media\/108265"}],"wp:attachment":[{"href":"https:\/\/www.caririemacao.com\/1\/wp-json\/wp\/v2\/media?parent=108262"}],"wp:term":[{"taxonomy":"category","embeddable":true,"href":"https:\/\/www.caririemacao.com\/1\/wp-json\/wp\/v2\/categories?post=108262"},{"taxonomy":"post_tag","embeddable":true,"href":"https:\/\/www.caririemacao.com\/1\/wp-json\/wp\/v2\/tags?post=108262"}],"curies":[{"name":"wp","href":"https:\/\/api.w.org\/{rel}","templated":true}]}}