{"id":108275,"date":"2019-08-02T12:41:43","date_gmt":"2019-08-02T15:41:43","guid":{"rendered":"http:\/\/www.caririemacao.com\/1\/?p=108275"},"modified":"2019-08-02T12:41:43","modified_gmt":"2019-08-02T15:41:43","slug":"funcionarios-do-botafogo-planejam-greve-geral-por-salarios-atrasados","status":"publish","type":"post","link":"https:\/\/www.caririemacao.com\/1\/2019\/08\/02\/funcionarios-do-botafogo-planejam-greve-geral-por-salarios-atrasados\/","title":{"rendered":"Funcion\u00e1rios do Botafogo planejam greve geral por sal\u00e1rios atrasados"},"content":{"rendered":"\n<p>&nbsp;A insatisfa\u00e7\u00e3o que j\u00e1 era verificada no elenco do futebol chegou ao corpo de funcion\u00e1rios do Botafogo. Prestadores de servi\u00e7os da sede de General Severiano e do est\u00e1dio Nilton Santos planejam uma greve geral para a pr\u00f3xima segunda-feira (5). Com o clube atravessando uma crise financeira, os sal\u00e1rios est\u00e3o atrasados h\u00e1 dois meses e o fato de que o clube tem pago \u00e0s empresas terceirizadas aumentou ainda mais a insatisfa\u00e7\u00e3o.<\/p>\n\n\n\n<p>Internamente, alguns grupos de funcion\u00e1rios j\u00e1 elaboram uma paralisa\u00e7\u00e3o para esta sexta (2). Segundo o UOL Esporte apurou, h\u00e1 a reclama\u00e7\u00e3o de que, com os poucos recursos que tem, a c\u00fapula n\u00e3o tem sido transparente nas escolhas de quais d\u00e9bitos quitar.<\/p>\n\n\n\n<p>Em meio a isso, a diretoria busca sa\u00eddas para aliviar a situa\u00e7\u00e3o dos cores e conseguir sanar ao menos parte do problema at\u00e9 segunda-feira, evitando uma movimenta\u00e7\u00e3o ainda maior.<\/p>\n\n\n\n<p>Vale lembrar que n\u00e3o s\u00e3o apenas os funcion\u00e1rios que est\u00e3o externando a insatisfa\u00e7\u00e3o com a situa\u00e7\u00e3o financeira do clube. O elenco, por exemplo, n\u00e3o tem dado entrevistas coletivas e nem participado de a\u00e7\u00f5es de marketing -apenas o t\u00e9cnico Eduardo Barroca tem atendido \u00e0 imprensa.<\/p>\n\n\n\n<p>Neste ano, al\u00e9m de greve dos jogadores, o Botafogo tamb\u00e9m viu a luz da sede de General Severiano ser cortada por conta da falta de pagamento.<\/p>\n\n\n\n<p>Na \u00faltima semana, uma reuni\u00e3o deu in\u00edcio ao processo que pode fazer com que um grupo de alvinegros ilustres -encabe\u00e7ado pelos irm\u00e3os Moreira Salles-, assuma o departamento de futebol do clube.<\/p>\n","protected":false},"excerpt":{"rendered":"<p>&nbsp;A insatisfa\u00e7\u00e3o que j\u00e1 era verificada no elenco do futebol chegou ao corpo de funcion\u00e1rios do Botafogo. Prestadores de servi\u00e7os da sede de General Severiano&hellip; <\/p>\n","protected":false},"author":1,"featured_media":108276,"comment_status":"closed","ping_status":"closed","sticky":false,"template":"","format":"standard","meta":{"sfsi_plus_gutenberg_text_before_share":"","sfsi_plus_gutenberg_show_text_before_share":"","sfsi_plus_gutenberg_icon_type":"","sfsi_plus_gutenberg_icon_alignemt":"","sfsi_plus_gutenburg_max_per_row":"","footnotes":""},"categories":[13],"tags":[],"class_list":["post-108275","post","type-post","status-publish","format-standard","has-post-thumbnail","hentry","category-esportes"],"_links":{"self":[{"href":"https:\/\/www.caririemacao.com\/1\/wp-json\/wp\/v2\/posts\/108275","targetHints":{"allow":["GET"]}}],"collection":[{"href":"https:\/\/www.caririemacao.com\/1\/wp-json\/wp\/v2\/posts"}],"about":[{"href":"https:\/\/www.caririemacao.com\/1\/wp-json\/wp\/v2\/types\/post"}],"author":[{"embeddable":true,"href":"https:\/\/www.caririemacao.com\/1\/wp-json\/wp\/v2\/users\/1"}],"replies":[{"embeddable":true,"href":"https:\/\/www.caririemacao.com\/1\/wp-json\/wp\/v2\/comments?post=108275"}],"version-history":[{"count":1,"href":"https:\/\/www.caririemacao.com\/1\/wp-json\/wp\/v2\/posts\/108275\/revisions"}],"predecessor-version":[{"id":108277,"href":"https:\/\/www.caririemacao.com\/1\/wp-json\/wp\/v2\/posts\/108275\/revisions\/108277"}],"wp:featuredmedia":[{"embeddable":true,"href":"https:\/\/www.caririemacao.com\/1\/wp-json\/wp\/v2\/media\/108276"}],"wp:attachment":[{"href":"https:\/\/www.caririemacao.com\/1\/wp-json\/wp\/v2\/media?parent=108275"}],"wp:term":[{"taxonomy":"category","embeddable":true,"href":"https:\/\/www.caririemacao.com\/1\/wp-json\/wp\/v2\/categories?post=108275"},{"taxonomy":"post_tag","embeddable":true,"href":"https:\/\/www.caririemacao.com\/1\/wp-json\/wp\/v2\/tags?post=108275"}],"curies":[{"name":"wp","href":"https:\/\/api.w.org\/{rel}","templated":true}]}}