{"id":108294,"date":"2019-08-02T14:27:54","date_gmt":"2019-08-02T17:27:54","guid":{"rendered":"http:\/\/www.caririemacao.com\/1\/?p=108294"},"modified":"2019-08-02T14:27:54","modified_gmt":"2019-08-02T17:27:54","slug":"sete-em-cada-dez-brasileiros-cortam-orcamento-no-primeiro-semestre","status":"publish","type":"post","link":"https:\/\/www.caririemacao.com\/1\/2019\/08\/02\/sete-em-cada-dez-brasileiros-cortam-orcamento-no-primeiro-semestre\/","title":{"rendered":"Sete em cada dez brasileiros cortam or\u00e7amento no primeiro semestre"},"content":{"rendered":"\n<p>Sete em cada dez brasileiros (70%) tiveram de fazer algum tipo de corte nas finan\u00e7as nos primeiros seis meses deste ano. \u00c9 o que mostra pesquisa do SPC (Servi\u00e7o Brasileiro de Prote\u00e7\u00e3o ao Cr\u00e9dito) Brasil e da CNDL (Confedera\u00e7\u00e3o Nacional de Dirigentes Lojistas).<\/p>\n\n\n\n<p>\u201cVemos que as pessoas est\u00e3o se planejando mais. A queda de renda e casos de desemprego na fam\u00edlia v\u00eam fazendo com que se pense mais em gastar apenas o necess\u00e1rio. Sem dor, n\u00e3o vai\u201d, diz o educador financeiro do SPC Jos\u00e9 Vignoli.<\/p>\n\n\n\n<p>A pesquisa mostra ainda que 60% conseguiram manter as contas em dia. Por outro lado, 34% dizem ter tido o CPF negativado por n\u00e3o pagar alguma conta no per\u00edodo e 33% afirmam ter recorrido a empr\u00e9stimos.<\/p>\n\n\n\n<p>\u201cSe o empr\u00e9stimo foi bem planejado, n\u00e3o tem problema, \u00e9 uma forma de organizar as finan\u00e7as. Agora, \u00e9 preciso direcionar bem. Usar um consignado para comprar presente de Dia dos Pais, por exemplo, n\u00e3o \u00e9 bom. J\u00e1 para quitar d\u00edvidas \u00e9 recomend\u00e1vel\u201d, diz Vignoli.<\/p>\n\n\n\n<p>O educador enfatiza que o ideal \u00e9 fugir do parcelamento no cart\u00e3o de cr\u00e9dito e do cheque especial e que, depois de acertar as contas, \u00e9 preciso dar um passo a mais no or\u00e7amento.<\/p>\n\n\n\n<p><strong>Pesquisa<\/strong><\/p>\n\n\n\n<p><strong>Perspectivas para o segundo semestre<\/strong><br>\u2013 Tr\u00eas em cada dez consumidores sentiram piora na sua situa\u00e7\u00e3o financeira no primeiro semestre. O motivo? Alta dos pre\u00e7os e diminui\u00e7\u00e3o da renda familiar.<br>\u2013 Dentre as pessoas que precisaram \u201cdar uma segurada\u201d nos gastos, as principais medidas escolhidas foram: cortar as refei\u00e7\u00f5es fora de casa (56%), diminuir as idas a bares e baladas (54%) e maneirar nas compras de roupas e outros itens de consumo (51%).<\/p>\n\n\n\n<p><strong>\u200bEm dia<\/strong><br>60% dos brasileiros declararam ter mantido as contas em dia<\/p>\n\n\n\n<p><strong>Mas\u2026<\/strong><br>34% disseram ter tido o CPF negativado por n\u00e3o pagar alguma conta<br>33% disseram ter precisado fazer empr\u00e9stimos para organizar o or\u00e7amento<\/p>\n\n\n\n<p><strong>Pessimismo com a economia\u2026<\/strong><br>59% das pessoas acreditam que ter\u00e3o dificuldade para realizar algum projeto planejado para 2019 (guardar dinheiro, fazer uma grande viagem ou reformar a casa)<br>50% dizem que a economia no primeiro semestre foi pior do que o esperado<br>53% tiveram que recorrer a bicos e trabalhos extras para complementar a renda<br>46% dos entrevistados est\u00e3o desempregados<br>27% tiveram de vender bens para conseguir dinheiro<\/p>\n\n\n\n<p><strong>Otimismo com o futuro<\/strong><br>43% acham que o segundo semestre ser\u00e1 melhor do que o primeiro\u200b<br>94% pretendem tomar alguma atitude para superar as dificuldades econ\u00f4micas (pesquisar pre\u00e7os, organizar as contas e pagar compras \u00e0 vista)<\/p>\n","protected":false},"excerpt":{"rendered":"<p>Sete em cada dez brasileiros (70%) tiveram de fazer algum tipo de corte nas finan\u00e7as nos primeiros seis meses deste ano. \u00c9 o que mostra&hellip; <\/p>\n","protected":false},"author":1,"featured_media":108295,"comment_status":"closed","ping_status":"closed","sticky":false,"template":"","format":"standard","meta":{"sfsi_plus_gutenberg_text_before_share":"","sfsi_plus_gutenberg_show_text_before_share":"","sfsi_plus_gutenberg_icon_type":"","sfsi_plus_gutenberg_icon_alignemt":"","sfsi_plus_gutenburg_max_per_row":"","footnotes":""},"categories":[2],"tags":[],"class_list":["post-108294","post","type-post","status-publish","format-standard","has-post-thumbnail","hentry","category-geral"],"_links":{"self":[{"href":"https:\/\/www.caririemacao.com\/1\/wp-json\/wp\/v2\/posts\/108294","targetHints":{"allow":["GET"]}}],"collection":[{"href":"https:\/\/www.caririemacao.com\/1\/wp-json\/wp\/v2\/posts"}],"about":[{"href":"https:\/\/www.caririemacao.com\/1\/wp-json\/wp\/v2\/types\/post"}],"author":[{"embeddable":true,"href":"https:\/\/www.caririemacao.com\/1\/wp-json\/wp\/v2\/users\/1"}],"replies":[{"embeddable":true,"href":"https:\/\/www.caririemacao.com\/1\/wp-json\/wp\/v2\/comments?post=108294"}],"version-history":[{"count":1,"href":"https:\/\/www.caririemacao.com\/1\/wp-json\/wp\/v2\/posts\/108294\/revisions"}],"predecessor-version":[{"id":108296,"href":"https:\/\/www.caririemacao.com\/1\/wp-json\/wp\/v2\/posts\/108294\/revisions\/108296"}],"wp:featuredmedia":[{"embeddable":true,"href":"https:\/\/www.caririemacao.com\/1\/wp-json\/wp\/v2\/media\/108295"}],"wp:attachment":[{"href":"https:\/\/www.caririemacao.com\/1\/wp-json\/wp\/v2\/media?parent=108294"}],"wp:term":[{"taxonomy":"category","embeddable":true,"href":"https:\/\/www.caririemacao.com\/1\/wp-json\/wp\/v2\/categories?post=108294"},{"taxonomy":"post_tag","embeddable":true,"href":"https:\/\/www.caririemacao.com\/1\/wp-json\/wp\/v2\/tags?post=108294"}],"curies":[{"name":"wp","href":"https:\/\/api.w.org\/{rel}","templated":true}]}}