{"id":108299,"date":"2019-08-02T14:30:56","date_gmt":"2019-08-02T17:30:56","guid":{"rendered":"http:\/\/www.caririemacao.com\/1\/?p=108299"},"modified":"2019-08-02T14:30:56","modified_gmt":"2019-08-02T17:30:56","slug":"em-salvador-governadores-do-nordeste-anunciam-compras-conjuntas-a-partir-de-agosto","status":"publish","type":"post","link":"https:\/\/www.caririemacao.com\/1\/2019\/08\/02\/em-salvador-governadores-do-nordeste-anunciam-compras-conjuntas-a-partir-de-agosto\/","title":{"rendered":"Em Salvador, governadores do Nordeste anunciam compras conjuntas a partir de agosto"},"content":{"rendered":"\n<p>p\u00f3s cerca de quatro horas de reuni\u00e3o em Salvador (BA), governadores do Nordeste definiram os pontos iniciais do Cons\u00f3rcio Nordeste. O principal passo ser\u00e1 na divis\u00e3o de compras, feitas conjuntamente. Com isso, os gestores poder\u00e3o reduzir custos na aquisi\u00e7\u00e3o de bens, servi\u00e7os e investimentos para os nove estados da regi\u00e3o.&nbsp;<br>Presidente do cons\u00f3rcio, o governador Rui Costa (PT-BA) destacou que, durante o encontro, foi aprovada a cria\u00e7\u00e3o de uma central \u00fanica de compras, inicialmente nas \u00e1reas da sa\u00fade, educa\u00e7\u00e3o e seguran\u00e7a p\u00fablica, ajudando a reduzir despesas. %u201CCom a central, que j\u00e1 dever\u00e1 come\u00e7ar em agosto, os nove estados nordestinos, que somam 55 milh\u00f5es de habitantes, poder\u00e3o fazer compras conjuntas, aumenta a concorr\u00eancia dos fornecedores, o que ajudar\u00e1 a reduzir custos e ampliar os recursos de cada estado%u201D, declarou.&nbsp;&nbsp;<br>Ainda de acordo com Rui Costa, tamb\u00e9m foi debatida na reuni\u00e3o uma proposta para aumentar e refor\u00e7ar a oferta de m\u00e9dicos, especialmente nas \u00e1reas mais long\u00ednquas dos estados do Nordeste. %u201CEsta medida foi apresentada e aprovada pelo grupo, mas, como esta semana o Governo Federal anunciou que iria fazer um evento para lan\u00e7ar um programa chamado M\u00e9dicos pelo Brasil, apesar de n\u00e3o ter sido detalhado, resolvemos, antecipadamente, declara apoio ao Minist\u00e9rio da Sa\u00fade, e nos colocar \u00e0 disposi\u00e7\u00e3o para contribuir com o projeto, inclusive conhecendo os detalhes previamente e incluindo os secret\u00e1rios estaduais de sa\u00fade no processo de ajustes para aperfei\u00e7oamento do programa%u201D, explicou o governador da Bahia.<br><\/p>\n\n\n\n<table class=\"wp-block-table\"><tbody><tr><td><\/td><td><\/td><\/tr><tr><td>Segundo Paulo C\u00e2mara, com o Cons\u00f3rcio Nordeste, regi\u00e3o ter\u00e1 mais ferramentas de colabora\u00e7\u00e3o e seguran\u00e7a jur\u00eddica para novas parcerias (Foto: Divulga\u00e7\u00e3o\/Gov.BA)<\/td><\/tr><\/tbody><\/table>\n\n\n\n<p>Outro item discutido nesta segunda-feira envolve a \u00e1rea de Seguran\u00e7a P\u00fablica, tendo como pleito a urgente libera\u00e7\u00e3o, pela Uni\u00e3o, de recursos do Fundo Nacional de Seguran\u00e7a P\u00fablica. %u201COs recursos somam a algo equivalente a R$ 1,1 bilh\u00e3o. N\u00e3o somente o Nordeste, mas todos os estados do Brasil clamam por mais recursos na seguran\u00e7a p\u00fablica, portanto, esse dinheiro n\u00e3o pode ficar l\u00e1 parado, sem uso. Refor\u00e7amos e documentamos a real necessidade desses recursos serem imediatamente repassados para os Estados%u201D, disse o gestor baiano.<br>Tamb\u00e9m foi lan\u00e7ado o programa Nordeste Conectado, que visa ligar a regi\u00e3o por fibra \u00f3ptica, fazendo com que haja um compartilhamento de dados que facilitam o acesso \u00e0 informa\u00e7\u00e3o e ao desenvolvimento. %u201CTemos a ideia de conectar com internet banda larga e servi\u00e7os tecnol\u00f3gicos sofisticados nas mais diversas \u00e1reas com compartilhamento de dados%u201D, disse Rui Costa.&nbsp;<br><\/p>\n\n\n\n<table class=\"wp-block-table\"><tbody><tr><td><\/td><td><\/td><\/tr><tr><td>Segundo Paulo C\u00e2mara, com o Cons\u00f3rcio Nordeste, regi\u00e3o ter\u00e1 mais ferramentas de colabora\u00e7\u00e3o e seguran\u00e7a jur\u00eddica para novas parcerias (Foto: Divulga\u00e7\u00e3o\/Gov.BA)<\/td><\/tr><\/tbody><\/table>\n\n\n\n<p>Para a governadora do Rio Grande do Norte, F\u00e1tima Bezerra, as sucessivas buscas de gestores nordestinos foram fundamentais para que o cons\u00f3rcio fosse realizado. %u201C\u00c9 uma ferramenta (o cons\u00f3rcio), do ponto de vista de gest\u00e3o, muito importante, sobretudo diante dos tempos crise que estamos vivendo. A ideia \u00e9 mais relevante ainda pelo aspecto pr\u00e1tico que o cons\u00f3rcio tem. \u00c9 um espa\u00e7o que mostra a for\u00e7a pol\u00edtica do Nordeste, sintonizado com o Brasil. \u00c9 a agenda do desenvolvimento%u201D, frisou a gestora potiguar.&nbsp;<\/p>\n\n\n\n<p>Al\u00e9m do pernambucano Paulo C\u00e2mara (PSB) e do anfitri\u00e3o Rui Costa (PT-BA), j\u00e1 est\u00e3o presentes os governadores Fl\u00e1vio Dino (PCdoB-MA), Wellington Dias (PT-PI), F\u00e1tima Bezerra (PT-RN), Jo\u00e3o Azev\u00eado (PSB-PB) e Belivaldo Chagas (PSD-SE). A vice-governadora do Cear\u00e1, Izolda Cela (PDT), foi ao f\u00f3rum, j\u00e1 que o governador Camilo Santana (PT) est\u00e1 com uma virose, segundo a assessoria de imprensa do governo cearense. O vice-governador de Alagoas, Luciano Barbosa (MDB), representou o governador Renan Filho, tamb\u00e9m emedebista, chefe do executivo do estado.<\/p>\n\n\n\n<p><\/p>\n\n\n\n<figure class=\"wp-block-image\"><a href=\"https:\/\/twitter.com\/FlavioDino\"><img decoding=\"async\" data-src=\"https:\/\/pbs.twimg.com\/profile_images\/1155777828442578949\/47g2ex0m_bigger.jpg\" alt=\"\" src=\"data:image\/svg+xml;base64,PHN2ZyB3aWR0aD0iMSIgaGVpZ2h0PSIxIiB4bWxucz0iaHR0cDovL3d3dy53My5vcmcvMjAwMC9zdmciPjwvc3ZnPg==\" class=\"lazyload\" \/><\/a><\/figure>\n\n\n\n<p><a href=\"https:\/\/twitter.com\/FlavioDino\"><strong>Fl\u00e1vio Dino&nbsp;<\/strong><strong>&#x2714;<\/strong>@FlavioDino<\/a><a href=\"https:\/\/twitter.com\/FlavioDino\/status\/1155903092015214593\"><\/a><\/p>\n\n\n\n<p>Mais uma vitoriosa e produtiva reuni\u00e3o dos governadores do Nordeste. Estamos reivindicando a aprova\u00e7\u00e3o da pauta federativa, com o respeito aos direitos dos Estados, e a libera\u00e7\u00e3o dos recursos do Fundo Nacional de Seguran\u00e7a P\u00fablica, como a lei determina<\/p>\n\n\n\n<figure class=\"wp-block-image\"><a href=\"https:\/\/twitter.com\/FlavioDino\/status\/1155903092015214593\/photo\/1\"><img decoding=\"async\" src=\"https:\/\/pbs.twimg.com\/media\/EAqXuqBW4AYTmq2?format=jpg&amp;name=900x900\" alt=\"View image on Twitter\"\/><\/a><\/figure>\n\n\n\n<p><a href=\"https:\/\/twitter.com\/intent\/like?tweet_id=1155903092015214593\">2,459<\/a><a href=\"https:\/\/twitter.com\/FlavioDino\/status\/1155903092015214593\">3:09 PM &#8211; Jul 29, 2019<\/a><a href=\"https:\/\/support.twitter.com\/articles\/20175256\">Twitter Ads info and privacy<\/a><a href=\"https:\/\/twitter.com\/FlavioDino\/status\/1155903092015214593\">407 people are talking about this<\/a><\/p>\n\n\n\n<p>Tamb\u00e9m foram convidados para o F\u00f3rum do Nordeste em Salvador os senadores baianos Jaques Wagner (PT) e Otto Alencar (PSD) e o ex-ministro da Previd\u00eancia nos governos Lula e Dilma Rousseff, Carlos Gabas. Ambos compareceram.&nbsp;<br><strong>Pr\u00f3ximos passos<\/strong><br>O pr\u00f3ximo f\u00f3rum dos governadores do Nordeste ser\u00e1 em Teresina, no Piau\u00ed, no final de agosto. Os gestores tamb\u00e9m definiram uma agenda internacional conjunta em novembro com o objetivo de atrair investimentos privados nas \u00e1reas de infraestrutura, sa\u00fade e seguran\u00e7a.<br>%u201CEntendemos essa a\u00e7\u00e3o como muito relevante. Cada estado quando chega em um pa\u00eds chama a aten\u00e7\u00e3o de um determinado p\u00fablico, mas chegando nove governadores, representando 55 milh\u00f5es de habitantes, o n\u00edvel de aten\u00e7\u00e3o de empres\u00e1rios e investidores vai ser maior do que se cheg\u00e1ssemos individualmente%u201D, argumentou Rui Costa, governador da Bahia.&nbsp;<br>Est\u00e3o programadas reuni\u00f5es nas embaixadas de Fran\u00e7a e R\u00fassia ainda nesta segunda-feira (29), segundo Rui. Na pr\u00f3xima semana, haver\u00e1 encontros com representantes da China, Espanha e It\u00e1lia. Em setembro, em Natal (RN), ser\u00e1 feito encontro com investidores da Alemanha.&nbsp;<\/p>\n\n\n\n<p><\/p>\n\n\n\n<p><\/p>\n\n\n\n<p><\/p>\n","protected":false},"excerpt":{"rendered":"<p>p\u00f3s cerca de quatro horas de reuni\u00e3o em Salvador (BA), governadores do Nordeste definiram os pontos iniciais do Cons\u00f3rcio Nordeste. O principal passo ser\u00e1 na&hellip; <\/p>\n","protected":false},"author":1,"featured_media":108300,"comment_status":"closed","ping_status":"closed","sticky":false,"template":"","format":"standard","meta":{"sfsi_plus_gutenberg_text_before_share":"","sfsi_plus_gutenberg_show_text_before_share":"","sfsi_plus_gutenberg_icon_type":"","sfsi_plus_gutenberg_icon_alignemt":"","sfsi_plus_gutenburg_max_per_row":"","footnotes":""},"categories":[2],"tags":[],"class_list":["post-108299","post","type-post","status-publish","format-standard","has-post-thumbnail","hentry","category-geral"],"_links":{"self":[{"href":"https:\/\/www.caririemacao.com\/1\/wp-json\/wp\/v2\/posts\/108299","targetHints":{"allow":["GET"]}}],"collection":[{"href":"https:\/\/www.caririemacao.com\/1\/wp-json\/wp\/v2\/posts"}],"about":[{"href":"https:\/\/www.caririemacao.com\/1\/wp-json\/wp\/v2\/types\/post"}],"author":[{"embeddable":true,"href":"https:\/\/www.caririemacao.com\/1\/wp-json\/wp\/v2\/users\/1"}],"replies":[{"embeddable":true,"href":"https:\/\/www.caririemacao.com\/1\/wp-json\/wp\/v2\/comments?post=108299"}],"version-history":[{"count":1,"href":"https:\/\/www.caririemacao.com\/1\/wp-json\/wp\/v2\/posts\/108299\/revisions"}],"predecessor-version":[{"id":108301,"href":"https:\/\/www.caririemacao.com\/1\/wp-json\/wp\/v2\/posts\/108299\/revisions\/108301"}],"wp:featuredmedia":[{"embeddable":true,"href":"https:\/\/www.caririemacao.com\/1\/wp-json\/wp\/v2\/media\/108300"}],"wp:attachment":[{"href":"https:\/\/www.caririemacao.com\/1\/wp-json\/wp\/v2\/media?parent=108299"}],"wp:term":[{"taxonomy":"category","embeddable":true,"href":"https:\/\/www.caririemacao.com\/1\/wp-json\/wp\/v2\/categories?post=108299"},{"taxonomy":"post_tag","embeddable":true,"href":"https:\/\/www.caririemacao.com\/1\/wp-json\/wp\/v2\/tags?post=108299"}],"curies":[{"name":"wp","href":"https:\/\/api.w.org\/{rel}","templated":true}]}}