{"id":108305,"date":"2019-08-02T14:38:22","date_gmt":"2019-08-02T17:38:22","guid":{"rendered":"http:\/\/www.caririemacao.com\/1\/?p=108305"},"modified":"2019-08-02T14:38:22","modified_gmt":"2019-08-02T17:38:22","slug":"estados-unidos-pedem-que-coreia-do-norte-devolva-mais-restos-mortais","status":"publish","type":"post","link":"https:\/\/www.caririemacao.com\/1\/2019\/08\/02\/estados-unidos-pedem-que-coreia-do-norte-devolva-mais-restos-mortais\/","title":{"rendered":"Estados Unidos pedem que Coreia do Norte devolva mais restos mortais"},"content":{"rendered":"\n<p>Um funcion\u00e1rio do alto escal\u00e3o do Departamento de Defesa dos Estados Unidos informou hoje (2) ter enviado uma carta \u00e0s For\u00e7as Armadas norte-coreanas pedindo coopera\u00e7\u00e3o na recupera\u00e7\u00e3o dos restos mortais de soldados americanos que morreram durante a Guerra da Coreia, na d\u00e9cada de 1950.<\/p>\n\n\n\n<p>Na quinta-feira (1\u00ba), o Pent\u00e1gono convidou 300 membros de fam\u00edlias de soldados mortos para explicar-lhes o plano, baseado num acordo assinado durante a primeira reuni\u00e3o de c\u00fapula entre os Estados Unidos e a Coreia do Norte, realizada em junho do ano passado.<\/p>\n\n\n\n<p>Kelly McKeague, chefe de uma ag\u00eancia respons\u00e1vel pelo projeto, explicou que a Coreia do Norte havia interrompido as conversa\u00e7\u00f5es sobre esta quest\u00e3o desde que a segunda reuni\u00e3o de c\u00fapula foi suspensa em fevereiro.<\/p>\n\n\n\n<p>Segundo McKeague, o Pent\u00e1gono enviou a carta \u00e0s for\u00e7as da Coreia do Norte em julho, depois de uma terceira reuni\u00e3o de c\u00fapula realizada em junho na zona desmilitarizada entre as duas Coreias.<\/p>\n\n\n\n<p>Segundo o chefe da ag\u00eancia, a carta salienta que a restitui\u00e7\u00e3o dos restos mortais poderia ser uma maneira de construir pontes e autoconfian\u00e7a para um futuro melhor entre os Estados Unidos e a Coreia do Norte.<\/p>\n\n\n\n<p>McKeague tamb\u00e9m disse que o governo dos Estados Unidos v\u00ea a quest\u00e3o como humanit\u00e1ria, e gostaria de lidar com ela separadamente da quest\u00e3o da desnucleariza\u00e7\u00e3o.<\/p>\n","protected":false},"excerpt":{"rendered":"<p>Um funcion\u00e1rio do alto escal\u00e3o do Departamento de Defesa dos Estados Unidos informou hoje (2) ter enviado uma carta \u00e0s For\u00e7as Armadas norte-coreanas pedindo coopera\u00e7\u00e3o&hellip; <\/p>\n","protected":false},"author":1,"featured_media":22576,"comment_status":"closed","ping_status":"closed","sticky":false,"template":"","format":"standard","meta":{"sfsi_plus_gutenberg_text_before_share":"","sfsi_plus_gutenberg_show_text_before_share":"","sfsi_plus_gutenberg_icon_type":"","sfsi_plus_gutenberg_icon_alignemt":"","sfsi_plus_gutenburg_max_per_row":"","footnotes":""},"categories":[2],"tags":[],"class_list":["post-108305","post","type-post","status-publish","format-standard","has-post-thumbnail","hentry","category-geral"],"_links":{"self":[{"href":"https:\/\/www.caririemacao.com\/1\/wp-json\/wp\/v2\/posts\/108305","targetHints":{"allow":["GET"]}}],"collection":[{"href":"https:\/\/www.caririemacao.com\/1\/wp-json\/wp\/v2\/posts"}],"about":[{"href":"https:\/\/www.caririemacao.com\/1\/wp-json\/wp\/v2\/types\/post"}],"author":[{"embeddable":true,"href":"https:\/\/www.caririemacao.com\/1\/wp-json\/wp\/v2\/users\/1"}],"replies":[{"embeddable":true,"href":"https:\/\/www.caririemacao.com\/1\/wp-json\/wp\/v2\/comments?post=108305"}],"version-history":[{"count":1,"href":"https:\/\/www.caririemacao.com\/1\/wp-json\/wp\/v2\/posts\/108305\/revisions"}],"predecessor-version":[{"id":108306,"href":"https:\/\/www.caririemacao.com\/1\/wp-json\/wp\/v2\/posts\/108305\/revisions\/108306"}],"wp:featuredmedia":[{"embeddable":true,"href":"https:\/\/www.caririemacao.com\/1\/wp-json\/wp\/v2\/media\/22576"}],"wp:attachment":[{"href":"https:\/\/www.caririemacao.com\/1\/wp-json\/wp\/v2\/media?parent=108305"}],"wp:term":[{"taxonomy":"category","embeddable":true,"href":"https:\/\/www.caririemacao.com\/1\/wp-json\/wp\/v2\/categories?post=108305"},{"taxonomy":"post_tag","embeddable":true,"href":"https:\/\/www.caririemacao.com\/1\/wp-json\/wp\/v2\/tags?post=108305"}],"curies":[{"name":"wp","href":"https:\/\/api.w.org\/{rel}","templated":true}]}}