{"id":108310,"date":"2019-08-02T14:46:34","date_gmt":"2019-08-02T17:46:34","guid":{"rendered":"http:\/\/www.caririemacao.com\/1\/?p=108310"},"modified":"2019-08-02T14:46:34","modified_gmt":"2019-08-02T17:46:34","slug":"concurso-da-prefeitura-de-sao-jose-dos-cordeiros-com-28-vagas-tem-salarios-de-ate-r-12-mil","status":"publish","type":"post","link":"https:\/\/www.caririemacao.com\/1\/2019\/08\/02\/concurso-da-prefeitura-de-sao-jose-dos-cordeiros-com-28-vagas-tem-salarios-de-ate-r-12-mil\/","title":{"rendered":"Concurso da Prefeitura de S\u00e3o Jos\u00e9 dos Cordeiros com 28 vagas tem sal\u00e1rios de at\u00e9 R$ 12 mil"},"content":{"rendered":"\n<p>Prefeitura de S\u00e3o Jos\u00e9 dos Cordeiros, na Para\u00edba, vai iniciar inscri\u00e7\u00f5es para concurso p\u00fablico com 28 vagas e sal\u00e1rios de at\u00e9 R$ 12 mil. As inscri\u00e7\u00f5es iniciam no dia 7 de agosto e v\u00e3o at\u00e9 \u00e0s 23h59 do dia 10 de setembro.&nbsp;<\/p>\n\n\n\n<p><a href=\"https:\/\/www.clickpb.com.br\/media\/filer_public\/86\/0e\/860e304d-0ebc-40d9-995f-655c07c53685\/edital_sao_jose_dos_cordeiros.pdf\">Confira aqui o edital.<\/a><\/p>\n\n\n\n<p>A taxa de inscri\u00e7\u00e3o custa R$ 65 para cargos de n\u00edvel fundamental, R$ 85 para cargos de n\u00edveis m\u00e9dio e t\u00e9cnico e R$ 105 para cargos de n\u00edvel superior.<\/p>\n\n\n\n<p>As inscri\u00e7\u00f5es devem ser feitas no&nbsp;<a href=\"https:\/\/cpcon.uepb.edu.br\/\">site da organizadora<\/a>, banca organizadora do concurso p\u00fablico. S\u00e3o 28 vagas para todos os n\u00edveis de escolaridade, com sal\u00e1rios de at\u00e9 R$ 12 mil.<\/p>\n\n\n\n<p>As provas objetivas devem ser aplicadas no dia 20 de outubro. O resultado final deve ser divulgado no dia 10 de dezembro deste ano.<\/p>\n\n\n\n<p>Os sal\u00e1rios variam de R$ 998 a R$ 12 mil reais.<\/p>\n\n\n\n<p><strong>CARGOS<\/strong><br><\/p>\n\n\n\n<p>De acordo com o edital, o cargo com mais vagas \u00e9 o de professor A do ensino fundamental, que oferece quatro oportunidades para pessoas com n\u00edvel superior. J\u00e1 o cargo de m\u00e9dico \u00e9 o que oferece o maior sal\u00e1rio.<\/p>\n\n\n\n<p>Al\u00e9m destes cargos, tamb\u00e9m h\u00e1 vagas para auxiliar de servi\u00e7os gerais, eletricista, merendeira, operador de m\u00e1quinas, pedreiro, sepultador, agente comunit\u00e1rio de sa\u00fade, motorista, t\u00e9cnico em enfermagem, t\u00e9cnico em sa\u00fade bucal, cuidador, assistente social, administrador p\u00fablico, agroec\u00f3logo, fisioterapeuta, fonoaudi\u00f3logo, nutricionista, odont\u00f3logo PSF, professor B &#8211; educa\u00e7\u00e3o no campo e psicopedagogo.<\/p>\n","protected":false},"excerpt":{"rendered":"<p>Prefeitura de S\u00e3o Jos\u00e9 dos Cordeiros, na Para\u00edba, vai iniciar inscri\u00e7\u00f5es para concurso p\u00fablico com 28 vagas e sal\u00e1rios de at\u00e9 R$ 12 mil. As&hellip; <\/p>\n","protected":false},"author":1,"featured_media":69253,"comment_status":"closed","ping_status":"closed","sticky":false,"template":"","format":"standard","meta":{"sfsi_plus_gutenberg_text_before_share":"","sfsi_plus_gutenberg_show_text_before_share":"","sfsi_plus_gutenberg_icon_type":"","sfsi_plus_gutenberg_icon_alignemt":"","sfsi_plus_gutenburg_max_per_row":"","footnotes":""},"categories":[2],"tags":[],"class_list":["post-108310","post","type-post","status-publish","format-standard","has-post-thumbnail","hentry","category-geral"],"_links":{"self":[{"href":"https:\/\/www.caririemacao.com\/1\/wp-json\/wp\/v2\/posts\/108310","targetHints":{"allow":["GET"]}}],"collection":[{"href":"https:\/\/www.caririemacao.com\/1\/wp-json\/wp\/v2\/posts"}],"about":[{"href":"https:\/\/www.caririemacao.com\/1\/wp-json\/wp\/v2\/types\/post"}],"author":[{"embeddable":true,"href":"https:\/\/www.caririemacao.com\/1\/wp-json\/wp\/v2\/users\/1"}],"replies":[{"embeddable":true,"href":"https:\/\/www.caririemacao.com\/1\/wp-json\/wp\/v2\/comments?post=108310"}],"version-history":[{"count":1,"href":"https:\/\/www.caririemacao.com\/1\/wp-json\/wp\/v2\/posts\/108310\/revisions"}],"predecessor-version":[{"id":108311,"href":"https:\/\/www.caririemacao.com\/1\/wp-json\/wp\/v2\/posts\/108310\/revisions\/108311"}],"wp:featuredmedia":[{"embeddable":true,"href":"https:\/\/www.caririemacao.com\/1\/wp-json\/wp\/v2\/media\/69253"}],"wp:attachment":[{"href":"https:\/\/www.caririemacao.com\/1\/wp-json\/wp\/v2\/media?parent=108310"}],"wp:term":[{"taxonomy":"category","embeddable":true,"href":"https:\/\/www.caririemacao.com\/1\/wp-json\/wp\/v2\/categories?post=108310"},{"taxonomy":"post_tag","embeddable":true,"href":"https:\/\/www.caririemacao.com\/1\/wp-json\/wp\/v2\/tags?post=108310"}],"curies":[{"name":"wp","href":"https:\/\/api.w.org\/{rel}","templated":true}]}}