{"id":108320,"date":"2019-08-02T14:49:54","date_gmt":"2019-08-02T17:49:54","guid":{"rendered":"http:\/\/www.caririemacao.com\/1\/?p=108320"},"modified":"2019-08-02T14:49:54","modified_gmt":"2019-08-02T17:49:54","slug":"bolsonaro-diz-que-nao-falou-nada-demais-sobre-pai-de-presidente-da-oab","status":"publish","type":"post","link":"https:\/\/www.caririemacao.com\/1\/2019\/08\/02\/bolsonaro-diz-que-nao-falou-nada-demais-sobre-pai-de-presidente-da-oab\/","title":{"rendered":"Bolsonaro diz que n\u00e3o falou &#8216;nada demais&#8217; sobre pai de presidente da OAB"},"content":{"rendered":"\n<p>&nbsp;O presidente Jair Bolsonaro afirmou nesta sexta-feira (2) que n\u00e3o falou &#8220;nada demais&#8221; sobre o pai do presidente da OAB (Ordem dos Advogados do Brasil), Felipe Santa Cruz.<\/p>\n\n\n\n<p>Em entrevista, ele disse que enviar\u00e1 ao ministro Lu\u00eds Roberto Barroso, do STF (Supremo Tribunal Federal), c\u00f3pias das declara\u00e7\u00f5es em que criticou o militante de esquerda Fernando Cruz, desaparecido na ditadura militar.<\/p>\n\n\n\n<p>Nesta semana, Bolsonaro citou o pai do presidente da entidade para reclamar sobre a sua atua\u00e7\u00e3o na investiga\u00e7\u00e3o do caso Ad\u00e9lio Bispo, autor de facada desferida contra o ent\u00e3o candidato na campanha eleitoral. O presidente disse saber como o pai de Santa Cruz desapareceu durante a ditadura.&nbsp;<\/p>\n\n\n\n<p>&#8220;Mesmo eu n\u00e3o sendo obrigado [a prestar esclarecimentos], eu presto. N\u00e3o falei nada demais. Eu vou entregar os v\u00eddeos, fazer a degrava\u00e7\u00e3o e mandar&#8221;, afirmou.<\/p>\n\n\n\n<p>Barroso encaminhou uma interpela\u00e7\u00e3o a Bolsonaro para que ele esclare\u00e7a &#8220;eventuais ambiguidades ou dubiedades&#8221; na cr\u00edtica ao militante de esquerda, que integrava a ALN (A\u00e7\u00e3o Libertadora Nacional).<\/p>\n\n\n\n<p>O presidente chegou a dizer que Fernando n\u00e3o foi morto pelas for\u00e7as militares, mas pelo pr\u00f3prio grupo de resist\u00eancia ao regime ditatorial, o que foi desmentido por documentos da \u00e9poca.<\/p>\n\n\n\n<p>&#8220;O que eu falei demais para voc\u00eas? Me responda. O que tive conhecimento na \u00e9poca. Eu ofendi o pai dele? N\u00e3o ofendi o pai dele&#8221;, disse.<\/p>\n\n\n\n<p>O presidente lamentou todas as mortes ocorridas durante a ditadura militar, tanto na esquerda como na direita, e disse que nada disso teria ocorrido se n\u00e3o houvesse a &#8220;vontade de implantar o comunismo no Brasil&#8221;.<\/p>\n\n\n\n<p>&#8220;\u00c9 uma verdade. A verdade d\u00f3i, machuca. Agora, eu lamento todas as mortes que tiveram dos dois lados&#8221;, disse.<\/p>\n\n\n\n<p>Barroso deu um prazo de 15 dias para Bolsonaro responder \u00e0 interpela\u00e7\u00e3o. A decis\u00e3o atendeu a pedido de Felipe, que, de acordo com o despacho. se sentiu pessoalmente ofendido e entendeu que houve crime de cal\u00fania contra a mem\u00f3ria de seu pai.<\/p>\n\n\n\n<p>Fernando desapareceu na \u00e9poca da ditadura militar depois de ser preso por agentes do Estado. At\u00e9 hoje, sua morte \u00e9 um mist\u00e9rio e seu corpo nunca foi encontrado.<\/p>\n","protected":false},"excerpt":{"rendered":"<p>&nbsp;O presidente Jair Bolsonaro afirmou nesta sexta-feira (2) que n\u00e3o falou &#8220;nada demais&#8221; sobre o pai do presidente da OAB (Ordem dos Advogados do Brasil),&hellip; <\/p>\n","protected":false},"author":1,"featured_media":106813,"comment_status":"closed","ping_status":"closed","sticky":false,"template":"","format":"standard","meta":{"sfsi_plus_gutenberg_text_before_share":"","sfsi_plus_gutenberg_show_text_before_share":"","sfsi_plus_gutenberg_icon_type":"","sfsi_plus_gutenberg_icon_alignemt":"","sfsi_plus_gutenburg_max_per_row":"","footnotes":""},"categories":[11],"tags":[],"class_list":["post-108320","post","type-post","status-publish","format-standard","has-post-thumbnail","hentry","category-politica"],"_links":{"self":[{"href":"https:\/\/www.caririemacao.com\/1\/wp-json\/wp\/v2\/posts\/108320","targetHints":{"allow":["GET"]}}],"collection":[{"href":"https:\/\/www.caririemacao.com\/1\/wp-json\/wp\/v2\/posts"}],"about":[{"href":"https:\/\/www.caririemacao.com\/1\/wp-json\/wp\/v2\/types\/post"}],"author":[{"embeddable":true,"href":"https:\/\/www.caririemacao.com\/1\/wp-json\/wp\/v2\/users\/1"}],"replies":[{"embeddable":true,"href":"https:\/\/www.caririemacao.com\/1\/wp-json\/wp\/v2\/comments?post=108320"}],"version-history":[{"count":1,"href":"https:\/\/www.caririemacao.com\/1\/wp-json\/wp\/v2\/posts\/108320\/revisions"}],"predecessor-version":[{"id":108321,"href":"https:\/\/www.caririemacao.com\/1\/wp-json\/wp\/v2\/posts\/108320\/revisions\/108321"}],"wp:featuredmedia":[{"embeddable":true,"href":"https:\/\/www.caririemacao.com\/1\/wp-json\/wp\/v2\/media\/106813"}],"wp:attachment":[{"href":"https:\/\/www.caririemacao.com\/1\/wp-json\/wp\/v2\/media?parent=108320"}],"wp:term":[{"taxonomy":"category","embeddable":true,"href":"https:\/\/www.caririemacao.com\/1\/wp-json\/wp\/v2\/categories?post=108320"},{"taxonomy":"post_tag","embeddable":true,"href":"https:\/\/www.caririemacao.com\/1\/wp-json\/wp\/v2\/tags?post=108320"}],"curies":[{"name":"wp","href":"https:\/\/api.w.org\/{rel}","templated":true}]}}