{"id":108325,"date":"2019-08-02T14:57:45","date_gmt":"2019-08-02T17:57:45","guid":{"rendered":"http:\/\/www.caririemacao.com\/1\/?p=108325"},"modified":"2019-08-02T14:57:45","modified_gmt":"2019-08-02T17:57:45","slug":"milhares-de-pedidos-de-aposentadoria-de-servicos-e-de-beneficiarios-do-inss","status":"publish","type":"post","link":"https:\/\/www.caririemacao.com\/1\/2019\/08\/02\/milhares-de-pedidos-de-aposentadoria-de-servicos-e-de-beneficiarios-do-inss\/","title":{"rendered":"Milhares de pedidos de aposentadoria de servi\u00e7os e de benefici\u00e1rios do INSS"},"content":{"rendered":"\n<p>Levantamento do jornal Folha de S\u00e3o Paulo mostra que nos sete primeiros meses deste ano 20.642 servidores federais solicitaram a aposentadoria, diante do pren\u00fancio da aprova\u00e7\u00e3o da reforma previdenci\u00e1ria.<\/p>\n\n\n\n<p>Em todo o ano passado foram 18.835 requerimentos.<\/p>\n\n\n\n<p>Do lado da iniciativa privada, o INSS recebeu entre janeiro e julho \u00faltimos 876.836 pedidos de aposentadoria.<\/p>\n","protected":false},"excerpt":{"rendered":"<p>Levantamento do jornal Folha de S\u00e3o Paulo mostra que nos sete primeiros meses deste ano 20.642 servidores federais solicitaram a aposentadoria, diante do pren\u00fancio da&hellip; <\/p>\n","protected":false},"author":1,"featured_media":85566,"comment_status":"closed","ping_status":"closed","sticky":false,"template":"","format":"standard","meta":{"sfsi_plus_gutenberg_text_before_share":"","sfsi_plus_gutenberg_show_text_before_share":"","sfsi_plus_gutenberg_icon_type":"","sfsi_plus_gutenberg_icon_alignemt":"","sfsi_plus_gutenburg_max_per_row":"","footnotes":""},"categories":[2],"tags":[],"class_list":["post-108325","post","type-post","status-publish","format-standard","has-post-thumbnail","hentry","category-geral"],"_links":{"self":[{"href":"https:\/\/www.caririemacao.com\/1\/wp-json\/wp\/v2\/posts\/108325","targetHints":{"allow":["GET"]}}],"collection":[{"href":"https:\/\/www.caririemacao.com\/1\/wp-json\/wp\/v2\/posts"}],"about":[{"href":"https:\/\/www.caririemacao.com\/1\/wp-json\/wp\/v2\/types\/post"}],"author":[{"embeddable":true,"href":"https:\/\/www.caririemacao.com\/1\/wp-json\/wp\/v2\/users\/1"}],"replies":[{"embeddable":true,"href":"https:\/\/www.caririemacao.com\/1\/wp-json\/wp\/v2\/comments?post=108325"}],"version-history":[{"count":1,"href":"https:\/\/www.caririemacao.com\/1\/wp-json\/wp\/v2\/posts\/108325\/revisions"}],"predecessor-version":[{"id":108326,"href":"https:\/\/www.caririemacao.com\/1\/wp-json\/wp\/v2\/posts\/108325\/revisions\/108326"}],"wp:featuredmedia":[{"embeddable":true,"href":"https:\/\/www.caririemacao.com\/1\/wp-json\/wp\/v2\/media\/85566"}],"wp:attachment":[{"href":"https:\/\/www.caririemacao.com\/1\/wp-json\/wp\/v2\/media?parent=108325"}],"wp:term":[{"taxonomy":"category","embeddable":true,"href":"https:\/\/www.caririemacao.com\/1\/wp-json\/wp\/v2\/categories?post=108325"},{"taxonomy":"post_tag","embeddable":true,"href":"https:\/\/www.caririemacao.com\/1\/wp-json\/wp\/v2\/tags?post=108325"}],"curies":[{"name":"wp","href":"https:\/\/api.w.org\/{rel}","templated":true}]}}