{"id":108329,"date":"2019-08-02T15:00:32","date_gmt":"2019-08-02T18:00:32","guid":{"rendered":"http:\/\/www.caririemacao.com\/1\/?p=108329"},"modified":"2019-08-02T15:00:32","modified_gmt":"2019-08-02T18:00:32","slug":"mais-dois-jornalistas-da-rede-globo-sao-citados-em-contratos-com-banco","status":"publish","type":"post","link":"https:\/\/www.caririemacao.com\/1\/2019\/08\/02\/mais-dois-jornalistas-da-rede-globo-sao-citados-em-contratos-com-banco\/","title":{"rendered":"Mais dois jornalistas da Rede Globo s\u00e3o citados em contratos com banco"},"content":{"rendered":"\n<p>Os jornalistas e apresentadores da Globo Renata Vasconcellos, 47, do Jornal Nacional, e Rodrigo Bocardi, 43, do Bom Dia S\u00e3o Paulo, tamb\u00e9m estariam envolvidos na produ\u00e7\u00e3o de conte\u00fados internos para o banco Bradesco.<\/p>\n\n\n\n<p>Os nomes dos jornalistas aparecem em contratos com a institui\u00e7\u00e3o financeira para presta\u00e7\u00e3o de servi\u00e7os institucionais do banco nos \u00faltimos anos. A informa\u00e7\u00e3o foi revelada pela revista Veja na tarde desta quinta-feira (1\u00ba) com a divulga\u00e7\u00e3o de notas fiscais que comprovam as parcerias.<\/p>\n\n\n\n<p>De acordo com a reportagem, Bocardi teria recebido o valor de R$ 332 mil do banco em 11 de setembro de 2017. Quatro notas fiscais obtidas pela Veja est\u00e3o em nome da empresa BOC Produ\u00e7\u00f5es e Palestras, que seria do jornalista. Nelas, \u00e9 descrito servi\u00e7os para a UniBrad (Universidade Corporativa do Bradesco) e conte\u00fado direcionado para os clientes do banco.<\/p>\n\n\n\n<p>J\u00e1 Renata Vasconcellos aparece em imagens de uma reprodu\u00e7\u00e3o de v\u00eddeo ao lado de um totem do banco. Nele, est\u00e1 escrito \u201c120 raz\u00f5es para ser cliente\u201d. A reportagem, no entanto, n\u00e3o divulgou valores sobre essa participa\u00e7\u00e3o da jornalista.<\/p>\n\n\n\n<p>O Bradesco afirma que \u201cpor uma quest\u00e3o de \u00e9tica e respeito profissional, n\u00e3o comentar\u00e1 contratos firmados com seus fornecedores\u201d.<\/p>\n\n\n\n<p>Procurada, a Globo diz que Rodrigo Boccardi \u201cn\u00e3o tem e nem nunca teve uma empresa como a do jornalista Dony de Nuccio: n\u00e3o produz v\u00eddeos de nenhuma esp\u00e9cie, n\u00e3o faz projetos de comunica\u00e7\u00e3o, n\u00e3o faz v\u00eddeos publicit\u00e1rios, n\u00e3o capta clientes e n\u00e3o faz assessoria de imprensa\u201d.<\/p>\n\n\n\n<p>Sobre Renata, a emissora afirma que a apresentadora n\u00e3o lembra precisamente de quando foi a participa\u00e7\u00e3o no v\u00eddeo interno ao qual \u00e0s fotos se referem, \u201cmas estima que deve ter ocorrido h\u00e1 oito ou dez anos\u201d. Diz tamb\u00e9m que Renata \u201capenas foi contratada como apresentadora para um trabalho voltado a funcion\u00e1rios\u201d.<\/p>\n\n\n\n<p>A Globo continua: \u201cCiente agora de que persistem em alguns d\u00favidas sobre como agir diante de convites, a emissora informou que em breve um comunicado reiterar\u00e1 o que \u00e9 proibido e o que n\u00e3o \u00e9, em detalhes, levando em conta a era digital em que vivemos\u201d.<\/p>\n\n\n\n<p>ENTENDA O CASO DE DE NUCCIO<\/p>\n\n\n\n<p>O apresentador do Jornal Hoje, Dony de Nuccio, 35, pediu demiss\u00e3o do Grupo Globo nesta quinta-feira (1\u00b0) ap\u00f3s reportagem do site Not\u00edcias da TV revelar que o jornalista havia recebido mais de R$ 7 milh\u00f5es, em dois anos, para produzir conte\u00fado para o Banco Bradesco.<\/p>\n\n\n\n<p>\u201cNas \u00faltimas semanas me vi mergulhado em uma infind\u00e1vel onda de ataques, com a vida dentro e fora da Globo vasculhada e revirada, sigilos fiscais violados, endere\u00e7os expostos, trabalhos de exclusiva veicula\u00e7\u00e3o interna publicados, e at\u00e9 emails privados hackeados\u201d, disse Nuccio, em carta enviada ao diretor de jornalismo da Globo, Ali Kamel.<\/p>\n\n\n\n<p>De acordo com o site, Nuccio participava de eventos institucionais por meio de v\u00eddeos, road shows telepresenciais, cartilhas e palestras para a institui\u00e7\u00e3o financeira. O site mostrou ainda troca de e-mails entre o jornalista e o Bradesco no qual o \u00e2ncora negociava valores com a institui\u00e7\u00e3o financeira, como um novo contrato que geraria uma receita de mais de R$ 60 milh\u00f5es, em tr\u00eas anos, para o \u00e2ncora.<\/p>\n","protected":false},"excerpt":{"rendered":"<p>Os jornalistas e apresentadores da Globo Renata Vasconcellos, 47, do Jornal Nacional, e Rodrigo Bocardi, 43, do Bom Dia S\u00e3o Paulo, tamb\u00e9m estariam envolvidos na&hellip; <\/p>\n","protected":false},"author":1,"featured_media":108330,"comment_status":"closed","ping_status":"closed","sticky":false,"template":"","format":"standard","meta":{"sfsi_plus_gutenberg_text_before_share":"","sfsi_plus_gutenberg_show_text_before_share":"","sfsi_plus_gutenberg_icon_type":"","sfsi_plus_gutenberg_icon_alignemt":"","sfsi_plus_gutenburg_max_per_row":"","footnotes":""},"categories":[2],"tags":[],"class_list":["post-108329","post","type-post","status-publish","format-standard","has-post-thumbnail","hentry","category-geral"],"_links":{"self":[{"href":"https:\/\/www.caririemacao.com\/1\/wp-json\/wp\/v2\/posts\/108329","targetHints":{"allow":["GET"]}}],"collection":[{"href":"https:\/\/www.caririemacao.com\/1\/wp-json\/wp\/v2\/posts"}],"about":[{"href":"https:\/\/www.caririemacao.com\/1\/wp-json\/wp\/v2\/types\/post"}],"author":[{"embeddable":true,"href":"https:\/\/www.caririemacao.com\/1\/wp-json\/wp\/v2\/users\/1"}],"replies":[{"embeddable":true,"href":"https:\/\/www.caririemacao.com\/1\/wp-json\/wp\/v2\/comments?post=108329"}],"version-history":[{"count":1,"href":"https:\/\/www.caririemacao.com\/1\/wp-json\/wp\/v2\/posts\/108329\/revisions"}],"predecessor-version":[{"id":108331,"href":"https:\/\/www.caririemacao.com\/1\/wp-json\/wp\/v2\/posts\/108329\/revisions\/108331"}],"wp:featuredmedia":[{"embeddable":true,"href":"https:\/\/www.caririemacao.com\/1\/wp-json\/wp\/v2\/media\/108330"}],"wp:attachment":[{"href":"https:\/\/www.caririemacao.com\/1\/wp-json\/wp\/v2\/media?parent=108329"}],"wp:term":[{"taxonomy":"category","embeddable":true,"href":"https:\/\/www.caririemacao.com\/1\/wp-json\/wp\/v2\/categories?post=108329"},{"taxonomy":"post_tag","embeddable":true,"href":"https:\/\/www.caririemacao.com\/1\/wp-json\/wp\/v2\/tags?post=108329"}],"curies":[{"name":"wp","href":"https:\/\/api.w.org\/{rel}","templated":true}]}}