{"id":108334,"date":"2019-08-02T15:05:21","date_gmt":"2019-08-02T18:05:21","guid":{"rendered":"http:\/\/www.caririemacao.com\/1\/?p=108334"},"modified":"2019-08-02T15:05:21","modified_gmt":"2019-08-02T18:05:21","slug":"diretor-do-inpe-diz-que-discurso-sobre-bolsonaro-causou-constrangimento-e-sera-exonerado","status":"publish","type":"post","link":"https:\/\/www.caririemacao.com\/1\/2019\/08\/02\/diretor-do-inpe-diz-que-discurso-sobre-bolsonaro-causou-constrangimento-e-sera-exonerado\/","title":{"rendered":"Diretor do Inpe diz que discurso sobre Bolsonaro &#8216;causou constrangimento&#8217; e ser\u00e1 exonerado"},"content":{"rendered":"\n<p>O diretor do Instituto Nacional de Pesquisas Espaciais (Inpe), Ricardo Magnus Os\u00f3rio Galv\u00e3o, disse nesta sexta-feira (2) que ser\u00e1 exonerado do cargo. O an\u00fancio foi feito ap\u00f3s reuni\u00e3o com o ministro da Ci\u00eancia e Tecnologia, Marcos Pontes, em Bras\u00edlia. O \u00f3rg\u00e3o que Galv\u00e3o comandava foi acusado pelo presidente Jair Bolsonaro de mentir sobre os dados do desmatamento e agir a &#8220;servi\u00e7o de alguma ONG&#8221;. Galv\u00e3o rebateu as acusa\u00e7\u00f5es e criticou falas e comportamento do presidente.<\/p>\n\n\n\n<p>&#8220;Minha fala sobre o presidente gerou constrangimento, ent\u00e3o eu serei exonerado&#8221;, disse Ricardo Galv\u00e3o.<\/p>\n\n\n\n<p>Galv\u00e3o lembrou que tinha um mandato de quatro anos, mas que, apesar isso, o regimento prev\u00ea que o ministro pode substitu\u00ed-lo &#8220;em uma situa\u00e7\u00e3o de perda de confian\u00e7a&#8221;. O diretor disse que teve uma conversa muito cort\u00eas com Pontes e que concorda com a exonera\u00e7\u00e3o.<\/p>\n\n\n\n<p>O presidente Jair Bolsonaro acusou o Inpe de mentir sobre dados de desmatamento e de estar &#8220;agindo a servi\u00e7o de uma ONG&#8221;. As primeiras acusa\u00e7\u00f5es de Bolsonaro contra o Inpe foram feitas na sexta-feira (19), durante caf\u00e9 da manh\u00e3 com jornalistas estrangeiros. As cr\u00edticas do governo aos dados sobre o desmatamento continuaram e, na quinta-feira (1\u00b0), Bolsonaro voltou a fazer acusa\u00e7\u00f5es contra o instituto.<\/p>\n\n\n\n<p>Logo ap\u00f3s as primeiras falas do presidente, Galv\u00e3o rebateu o presidente e disse que n\u00e3o iria pedir demiss\u00e3o. \u00c0 \u00e9poca, ele declarou: &#8220;Ao fazer acusa\u00e7\u00f5es sobre os dados do Inpe, na verdade ele faz em duas partes. Na primeira, ele me acusa de estar a servi\u00e7o de uma ONG internacional. Ele j\u00e1 disse que os dados do Inpe n\u00e3o estavam corretos segundo a avalia\u00e7\u00e3o dele, como se ele tivesse qualidade ou qualifica\u00e7\u00e3o de fazer an\u00e1lise de dados.&#8221;<\/p>\n\n\n\n<p><strong>Reuni\u00e3o com o ministro<\/strong><\/p>\n\n\n\n<p>Nesta sexta, o diretor do Inpe afirmou que o ministro Ci\u00eancia, Tecnologia, Inova\u00e7\u00f5es e Comunica\u00e7\u00f5es, Marcos Pontes, afirmou que o Inpe ser\u00e1 preservado.<\/p>\n\n\n\n<p>\u201cClaro que com o meu discurso com rela\u00e7\u00e3o ao presidente causou constrangimento, no entanto eu tinha uma preocupa\u00e7\u00e3o grande que isso fosse respingar no Inpe. Isso n\u00e3o vai acontecer\u201d, afirmou Galv\u00e3o.<\/p>\n\n\n\n<p>Galv\u00e3o disse ainda que n\u00e3o teve que \u201cdefender\u201d os dados sobre desmatamento para o ministro Marcos Pontes.<\/p>\n\n\n\n<p>\u201cFrente ao ministro Pontes eu n\u00e3o tive que defender nada. Ele concorda inteiramente com os dados do INPE e sabe como s\u00e3o os dados do INPE\u201d, disse. \u201cO ministro \u00e9 uma pessoa de alta capacidade t\u00e9cnica, um engenheiro\u201d &#8211; Ricardo Galv\u00e3o.<\/p>\n","protected":false},"excerpt":{"rendered":"<p>O diretor do Instituto Nacional de Pesquisas Espaciais (Inpe), Ricardo Magnus Os\u00f3rio Galv\u00e3o, disse nesta sexta-feira (2) que ser\u00e1 exonerado do cargo. O an\u00fancio foi&hellip; <\/p>\n","protected":false},"author":1,"featured_media":108335,"comment_status":"closed","ping_status":"closed","sticky":false,"template":"","format":"standard","meta":{"sfsi_plus_gutenberg_text_before_share":"","sfsi_plus_gutenberg_show_text_before_share":"","sfsi_plus_gutenberg_icon_type":"","sfsi_plus_gutenberg_icon_alignemt":"","sfsi_plus_gutenburg_max_per_row":"","footnotes":""},"categories":[11],"tags":[],"class_list":["post-108334","post","type-post","status-publish","format-standard","has-post-thumbnail","hentry","category-politica"],"_links":{"self":[{"href":"https:\/\/www.caririemacao.com\/1\/wp-json\/wp\/v2\/posts\/108334","targetHints":{"allow":["GET"]}}],"collection":[{"href":"https:\/\/www.caririemacao.com\/1\/wp-json\/wp\/v2\/posts"}],"about":[{"href":"https:\/\/www.caririemacao.com\/1\/wp-json\/wp\/v2\/types\/post"}],"author":[{"embeddable":true,"href":"https:\/\/www.caririemacao.com\/1\/wp-json\/wp\/v2\/users\/1"}],"replies":[{"embeddable":true,"href":"https:\/\/www.caririemacao.com\/1\/wp-json\/wp\/v2\/comments?post=108334"}],"version-history":[{"count":1,"href":"https:\/\/www.caririemacao.com\/1\/wp-json\/wp\/v2\/posts\/108334\/revisions"}],"predecessor-version":[{"id":108336,"href":"https:\/\/www.caririemacao.com\/1\/wp-json\/wp\/v2\/posts\/108334\/revisions\/108336"}],"wp:featuredmedia":[{"embeddable":true,"href":"https:\/\/www.caririemacao.com\/1\/wp-json\/wp\/v2\/media\/108335"}],"wp:attachment":[{"href":"https:\/\/www.caririemacao.com\/1\/wp-json\/wp\/v2\/media?parent=108334"}],"wp:term":[{"taxonomy":"category","embeddable":true,"href":"https:\/\/www.caririemacao.com\/1\/wp-json\/wp\/v2\/categories?post=108334"},{"taxonomy":"post_tag","embeddable":true,"href":"https:\/\/www.caririemacao.com\/1\/wp-json\/wp\/v2\/tags?post=108334"}],"curies":[{"name":"wp","href":"https:\/\/api.w.org\/{rel}","templated":true}]}}