{"id":108345,"date":"2019-08-02T15:59:24","date_gmt":"2019-08-02T18:59:24","guid":{"rendered":"http:\/\/www.caririemacao.com\/1\/?p=108345"},"modified":"2019-08-02T15:59:24","modified_gmt":"2019-08-02T18:59:24","slug":"bombas-assustam-cupula-internacional-na-tailandia","status":"publish","type":"post","link":"https:\/\/www.caririemacao.com\/1\/2019\/08\/02\/bombas-assustam-cupula-internacional-na-tailandia\/","title":{"rendered":"Bombas assustam c\u00fapula internacional na Tail\u00e2ndia"},"content":{"rendered":"\n<p><br>Pelo menos quatro pessoas ficaram feridas nesta sexta-feira (2) depois que seis bombas caseiras de pouca pot\u00eancia foram detonadas em Bangcoc, onde \u00e9 realizado o encontro de ministros do Exterior da Associa\u00e7\u00e3o de Na\u00e7\u00f5es do Sudeste Asi\u00e1tico (Asean), incluindo representantes de primeiro escal\u00e3o dos Estados Unidos, China e Uni\u00e3o Europeia.<\/p>\n\n\n\n<p>Segundo a pol\u00edcia, duas pessoas ficaram feridas pela manh\u00e3 na explos\u00e3o de um artefato caseiro na avenida Rama 9, no centro da capital tailandesa, que os policiais relacionaram com um poss\u00edvel confronto entre grupos de estudantes.<\/p>\n\n\n\n<figure class=\"wp-block-image\"><img decoding=\"async\" data-src=\"http:\/\/imagens.ebc.com.br\/SCnKu8U6fmDtNbSXJsPVfX4AtJQ=\/754x0\/smart\/http:\/\/agenciabrasil.ebc.com.br\/sites\/default\/files\/thumbnails\/image\/2019-08-02t042229z_769684702_rc14ae603300_rtrmadp_3_thailand-blasts.jpg?itok=0e6PlFkh\" alt=\"Atentado Bangkoc\" src=\"data:image\/svg+xml;base64,PHN2ZyB3aWR0aD0iMSIgaGVpZ2h0PSIxIiB4bWxucz0iaHR0cDovL3d3dy53My5vcmcvMjAwMC9zdmciPjwvc3ZnPg==\" class=\"lazyload\" \/><\/figure>\n\n\n\n<p>Atentados mudaram a rotina de Bangcoc, que sedia encontro de ministros do Exterior da Associa\u00e7\u00e3o de Na\u00e7\u00f5es do Sudeste Asi\u00e1tico &nbsp;&nbsp;&nbsp;<strong>(<\/strong><strong>Reuters\/Direitos Reservados)<\/strong><br><\/p>\n\n\n\n<p>Outras duas foram feridas na esta\u00e7\u00e3o de trem de Chong Nonsi e num estacionamento pr\u00f3ximo, tamb\u00e9m na \u00e1rea central.<\/p>\n\n\n\n<p>Tr\u00eas dos quatro feridos s\u00e3o mulheres que faziam limpeza no momento das explos\u00f5es, ocorridas momentos antes da confer\u00eancia do secret\u00e1rio de Estado americano, Mike Pompeo, no \u00e2mbito da reuni\u00e3o da Asean a que est\u00e1 tamb\u00e9m presente o chefe da diplomacia chinesa, Wang Yi.<\/p>\n\n\n\n<h2 class=\"wp-block-heading\">Mais bombas<\/h2>\n\n\n\n<p>Cerca de duas horas antes, outras bombas de fraca pot\u00eancia explodiram no complexo governamental de Chaeng Wattana, sede de v\u00e1rios minist\u00e9rios, sem causar feridos, segundo as investiga\u00e7\u00f5es iniciais.<\/p>\n\n\n\n<p>&#8220;Quero condenar aqueles que causam essa situa\u00e7\u00e3o que destr\u00f3i a paz e danifica a imagem do pa\u00eds&#8221;, afirmou o primeiro-ministro da Tail\u00e2ndia, Prayuth Chan-ocha, atrav\u00e9s do&nbsp;<em>Twitter<\/em>.<\/p>\n\n\n\n<p>Em comunicado, o governo do pa\u00eds declarou que est\u00e1 investigando as explos\u00f5es, pedindo \u00e0 popula\u00e7\u00e3o que evite &#8220;p\u00e2nico&#8221; e que a imprensa n\u00e3o tire conclus\u00f5es precipitadas antes de as investiga\u00e7\u00f5es serem finalizadas. Nenhum grupo reivindicou os ataques, similares a outras explos\u00f5es ocorridas nos \u00faltimos anos em meio \u00e0s convuls\u00f5es pol\u00edticas do pa\u00eds.<\/p>\n","protected":false},"excerpt":{"rendered":"<p>Pelo menos quatro pessoas ficaram feridas nesta sexta-feira (2) depois que seis bombas caseiras de pouca pot\u00eancia foram detonadas em Bangcoc, onde \u00e9 realizado o&hellip; <\/p>\n","protected":false},"author":1,"featured_media":108346,"comment_status":"closed","ping_status":"closed","sticky":false,"template":"","format":"standard","meta":{"sfsi_plus_gutenberg_text_before_share":"","sfsi_plus_gutenberg_show_text_before_share":"","sfsi_plus_gutenberg_icon_type":"","sfsi_plus_gutenberg_icon_alignemt":"","sfsi_plus_gutenburg_max_per_row":"","footnotes":""},"categories":[2],"tags":[],"class_list":["post-108345","post","type-post","status-publish","format-standard","has-post-thumbnail","hentry","category-geral"],"_links":{"self":[{"href":"https:\/\/www.caririemacao.com\/1\/wp-json\/wp\/v2\/posts\/108345","targetHints":{"allow":["GET"]}}],"collection":[{"href":"https:\/\/www.caririemacao.com\/1\/wp-json\/wp\/v2\/posts"}],"about":[{"href":"https:\/\/www.caririemacao.com\/1\/wp-json\/wp\/v2\/types\/post"}],"author":[{"embeddable":true,"href":"https:\/\/www.caririemacao.com\/1\/wp-json\/wp\/v2\/users\/1"}],"replies":[{"embeddable":true,"href":"https:\/\/www.caririemacao.com\/1\/wp-json\/wp\/v2\/comments?post=108345"}],"version-history":[{"count":1,"href":"https:\/\/www.caririemacao.com\/1\/wp-json\/wp\/v2\/posts\/108345\/revisions"}],"predecessor-version":[{"id":108347,"href":"https:\/\/www.caririemacao.com\/1\/wp-json\/wp\/v2\/posts\/108345\/revisions\/108347"}],"wp:featuredmedia":[{"embeddable":true,"href":"https:\/\/www.caririemacao.com\/1\/wp-json\/wp\/v2\/media\/108346"}],"wp:attachment":[{"href":"https:\/\/www.caririemacao.com\/1\/wp-json\/wp\/v2\/media?parent=108345"}],"wp:term":[{"taxonomy":"category","embeddable":true,"href":"https:\/\/www.caririemacao.com\/1\/wp-json\/wp\/v2\/categories?post=108345"},{"taxonomy":"post_tag","embeddable":true,"href":"https:\/\/www.caririemacao.com\/1\/wp-json\/wp\/v2\/tags?post=108345"}],"curies":[{"name":"wp","href":"https:\/\/api.w.org\/{rel}","templated":true}]}}