{"id":108353,"date":"2019-08-02T17:58:57","date_gmt":"2019-08-02T20:58:57","guid":{"rendered":"http:\/\/www.caririemacao.com\/1\/?p=108353"},"modified":"2019-08-02T17:58:57","modified_gmt":"2019-08-02T20:58:57","slug":"em-serra-branca-associacao-dos-acs-protocola-oficio-pedindo-cumprimento-de-adicional-de-insalubridade","status":"publish","type":"post","link":"https:\/\/www.caririemacao.com\/1\/2019\/08\/02\/em-serra-branca-associacao-dos-acs-protocola-oficio-pedindo-cumprimento-de-adicional-de-insalubridade\/","title":{"rendered":"Em Serra Branca: Associa\u00e7\u00e3o dos ACS protocola of\u00edcio pedindo cumprimento de adicional de insalubridade"},"content":{"rendered":"\n<p>A Associa\u00e7\u00e3o dos Agentes Comunit\u00e1rios de Sa\u00fade do Munic\u00edpio de Serra Branca protocolou um of\u00edcio, na \u00faltima quarta-feira(31\/07), junto a Prefeitura Municipal, em que pede adicional de insalubridade para categoria e tamb\u00e9m para os Agentes de Combate a Endemias \u2013 ACE.<\/p>\n\n\n\n<p>As categorias apresentam justificativas a exemplo de os profissionais acima citado prestam um relevante servi\u00e7os no munic\u00edpio com coberturas e metas alcan\u00e7adas pelas equipes, como as metas do PMAQ, vacina\u00e7\u00e3o, liraA, mapeamento familiar, entre outras atividades.<\/p>\n\n\n\n<p>O of\u00edcio est\u00e1 aparado em v\u00e1rias leis que garantem o adicional para as categorias, no entanto, a gest\u00e3o do Prefeito Souzinha est\u00e1 descumprindo h\u00e1 tempos.<\/p>\n\n\n\n<p>Veja abaixo o of\u00edcio.<\/p>\n\n\n\n<figure class=\"wp-block-image\"><a href=\"http:\/\/noticiasemdestaque.com\/cd\/wp-content\/uploads\/2019\/08\/43230afb-780b-4bb2-84cc-e5e681e9101c.jpg\"><img decoding=\"async\" data-src=\"http:\/\/noticiasemdestaque.com\/cd\/wp-content\/uploads\/2019\/08\/43230afb-780b-4bb2-84cc-e5e681e9101c-592x1024.jpg\" alt=\"\" class=\"wp-image-18776 lazyload\" src=\"data:image\/svg+xml;base64,PHN2ZyB3aWR0aD0iMSIgaGVpZ2h0PSIxIiB4bWxucz0iaHR0cDovL3d3dy53My5vcmcvMjAwMC9zdmciPjwvc3ZnPg==\" style=\"--smush-placeholder-width: 592px; --smush-placeholder-aspect-ratio: 592\/1024;\" \/><\/a><\/figure>\n\n\n\n<p><strong>Not\u00edcias em Destaque<\/strong><\/p>\n","protected":false},"excerpt":{"rendered":"<p>A Associa\u00e7\u00e3o dos Agentes Comunit\u00e1rios de Sa\u00fade do Munic\u00edpio de Serra Branca protocolou um of\u00edcio, na \u00faltima quarta-feira(31\/07), junto a Prefeitura Municipal, em que pede&hellip; <\/p>\n","protected":false},"author":1,"featured_media":108354,"comment_status":"closed","ping_status":"closed","sticky":false,"template":"","format":"standard","meta":{"sfsi_plus_gutenberg_text_before_share":"","sfsi_plus_gutenberg_show_text_before_share":"","sfsi_plus_gutenberg_icon_type":"","sfsi_plus_gutenberg_icon_alignemt":"","sfsi_plus_gutenburg_max_per_row":"","footnotes":""},"categories":[2],"tags":[],"class_list":["post-108353","post","type-post","status-publish","format-standard","has-post-thumbnail","hentry","category-geral"],"_links":{"self":[{"href":"https:\/\/www.caririemacao.com\/1\/wp-json\/wp\/v2\/posts\/108353","targetHints":{"allow":["GET"]}}],"collection":[{"href":"https:\/\/www.caririemacao.com\/1\/wp-json\/wp\/v2\/posts"}],"about":[{"href":"https:\/\/www.caririemacao.com\/1\/wp-json\/wp\/v2\/types\/post"}],"author":[{"embeddable":true,"href":"https:\/\/www.caririemacao.com\/1\/wp-json\/wp\/v2\/users\/1"}],"replies":[{"embeddable":true,"href":"https:\/\/www.caririemacao.com\/1\/wp-json\/wp\/v2\/comments?post=108353"}],"version-history":[{"count":1,"href":"https:\/\/www.caririemacao.com\/1\/wp-json\/wp\/v2\/posts\/108353\/revisions"}],"predecessor-version":[{"id":108355,"href":"https:\/\/www.caririemacao.com\/1\/wp-json\/wp\/v2\/posts\/108353\/revisions\/108355"}],"wp:featuredmedia":[{"embeddable":true,"href":"https:\/\/www.caririemacao.com\/1\/wp-json\/wp\/v2\/media\/108354"}],"wp:attachment":[{"href":"https:\/\/www.caririemacao.com\/1\/wp-json\/wp\/v2\/media?parent=108353"}],"wp:term":[{"taxonomy":"category","embeddable":true,"href":"https:\/\/www.caririemacao.com\/1\/wp-json\/wp\/v2\/categories?post=108353"},{"taxonomy":"post_tag","embeddable":true,"href":"https:\/\/www.caririemacao.com\/1\/wp-json\/wp\/v2\/tags?post=108353"}],"curies":[{"name":"wp","href":"https:\/\/api.w.org\/{rel}","templated":true}]}}