{"id":108360,"date":"2019-08-03T08:53:58","date_gmt":"2019-08-03T11:53:58","guid":{"rendered":"http:\/\/www.caririemacao.com\/1\/?p=108360"},"modified":"2019-08-03T08:53:58","modified_gmt":"2019-08-03T11:53:58","slug":"ufpb-e-hospital-universitario-abrem-84-vagas-para-selecao-de-residencia-medica","status":"publish","type":"post","link":"https:\/\/www.caririemacao.com\/1\/2019\/08\/03\/ufpb-e-hospital-universitario-abrem-84-vagas-para-selecao-de-residencia-medica\/","title":{"rendered":"UFPB e Hospital Universit\u00e1rio abrem 84 vagas para sele\u00e7\u00e3o de resid\u00eancia m\u00e9dica"},"content":{"rendered":"\n<p>&nbsp;Universidade Federal da Para\u00edba (UFPB) e o Hospital Universit\u00e1rio Lauro Wandelery ir\u00e3o abrir uma sele\u00e7\u00e3o para 84 vagas de resid\u00eancia m\u00e9dica em Jo\u00e3o Pessoa. Ser\u00e3o ofertadas 77 vagas para o Centro de Ci\u00eancias M\u00e9dicas (CCM) da UFPB e outras sete vagas para o Hospital Universit\u00e1rio.<\/p>\n\n\n\n<p>As inscri\u00e7\u00f5es acontecem entre 19 de agosto e 30 de setembro por meio do site da Comiss\u00e3o de Resid\u00eancia M\u00e9dica. A solicita\u00e7\u00e3o de isen\u00e7\u00e3o do pagamento da taxa de inscri\u00e7\u00e3o dever\u00e1 ocorrer de 19 a 21 de agosto.<\/p>\n\n\n\n<p><a href=\"http:\/\/www.ccm.ufpb.br\/residencia\/contents\/documentos\/processo-seletivo-2020\">Confira o edital<\/a><\/p>\n\n\n\n<p>S\u00e3o isentos do pagamento da taxa os candidatos que comprovarem renda familiar mensal igual ou inferior a tr\u00eas sal\u00e1rios m\u00ednimos, renda individual igual ou inferior a dois sal\u00e1rios m\u00ednimos ou inscri\u00e7\u00e3o no Cadastro \u00danico do Governo Federal.<\/p>\n\n\n\n<p>Para os Programas de Resid\u00eancia M\u00e9dica com acesso direto, o pr\u00e9-requisito \u00e9 a gradua\u00e7\u00e3o em medicina conclu\u00edda ou com data prevista para a sua conclus\u00e3o at\u00e9 o dia 29 de fevereiro de 2020. Para os que n\u00e3o s\u00e3o de acesso direto, o pr\u00e9-requisito \u00e9 possuir resid\u00eancia espec\u00edfica exigida, conclu\u00edda ou com data prevista para a sua conclus\u00e3o tamb\u00e9m at\u00e9 o dia 29 de fevereiro de 2020.<\/p>\n\n\n\n<p>Os Programas de Resid\u00eancia M\u00e9dica oferecidos pelo CCM s\u00e3o \u201cAnestesiologia\u201d, \u201cCl\u00ednica M\u00e9dica\u201d, \u201cCirurgia Geral\u201d, \u201cDermatologia\u201d, \u201cEndocrinologia e Metabologia\u201d, \u201cEndoscopia Ginecol\u00f3gica\u201d, \u201cGastroenterologia\u201d, \u201cInfectologia\u201d, \u201cMastologia\u201d, \u201cMedicina de Fam\u00edlia e Comunidade\u201d, \u201cMedicina Intensiva\u201d, \u201cObstetr\u00edcia e Ginecologia\u201d, \u201cOftalmologia\u201d, \u201cPediatria\u201d, \u201cPr\u00e9-requisito em \u00c1rea Cir\u00fargica B\u00e1sica\u201d, \u201cPsiquiatria\u201d e \u201cReumatologia\u201d.<\/p>\n\n\n\n<p>J\u00e1 os Programas de Resid\u00eancia M\u00e9dica oferecidos pelo Hospital Napole\u00e3o Laureano s\u00e3o \u201cCancerologia Cir\u00fargica\u201d, \u201cCancerologia Cl\u00ednica\u201d, \u201cMastologia\u201d, \u201cPatologia e Radioterapia\u201d. \u00c9 preciso verificar no edital se cada um deles necessita ou n\u00e3o de pr\u00e9-requisito.<\/p>\n\n\n\n<p>O Programa \u201cPr\u00e9-requisito em \u00c1rea Cir\u00fargica B\u00e1sica\u201d n\u00e3o oferece t\u00edtulo de especialista ao t\u00e9rmino. Somente o Programa de Resid\u00eancia M\u00e9dica em Cirurgia Geral pode oferecer o referido t\u00edtulo. Contudo, \u00e9 necess\u00e1rio curs\u00e1-lo para realizar prova para especialidades cir\u00fargicas.<\/p>\n\n\n\n<p>A sele\u00e7\u00e3o ser\u00e1 realizada por meio de prova escrita de conhecimentos gerais em medicina para programas de acesso direto. E prova espec\u00edfica para os programas em que se exigem pr\u00e9-requisito. O resultado final ser\u00e1 divulgado no dia 3 de dezembro no&nbsp;<a href=\"http:\/\/www.ccm.ufpb.br\/residencia\">site do CCM.<\/a>&nbsp;Mais informa\u00e7\u00f5es podem ser obtidas pelo telefone (83) 3216.7618.<\/p>\n","protected":false},"excerpt":{"rendered":"<p>&nbsp;Universidade Federal da Para\u00edba (UFPB) e o Hospital Universit\u00e1rio Lauro Wandelery ir\u00e3o abrir uma sele\u00e7\u00e3o para 84 vagas de resid\u00eancia m\u00e9dica em Jo\u00e3o Pessoa. Ser\u00e3o&hellip; <\/p>\n","protected":false},"author":1,"featured_media":107121,"comment_status":"closed","ping_status":"closed","sticky":false,"template":"","format":"standard","meta":{"sfsi_plus_gutenberg_text_before_share":"","sfsi_plus_gutenberg_show_text_before_share":"","sfsi_plus_gutenberg_icon_type":"","sfsi_plus_gutenberg_icon_alignemt":"","sfsi_plus_gutenburg_max_per_row":"","footnotes":""},"categories":[2],"tags":[],"class_list":["post-108360","post","type-post","status-publish","format-standard","has-post-thumbnail","hentry","category-geral"],"_links":{"self":[{"href":"https:\/\/www.caririemacao.com\/1\/wp-json\/wp\/v2\/posts\/108360","targetHints":{"allow":["GET"]}}],"collection":[{"href":"https:\/\/www.caririemacao.com\/1\/wp-json\/wp\/v2\/posts"}],"about":[{"href":"https:\/\/www.caririemacao.com\/1\/wp-json\/wp\/v2\/types\/post"}],"author":[{"embeddable":true,"href":"https:\/\/www.caririemacao.com\/1\/wp-json\/wp\/v2\/users\/1"}],"replies":[{"embeddable":true,"href":"https:\/\/www.caririemacao.com\/1\/wp-json\/wp\/v2\/comments?post=108360"}],"version-history":[{"count":1,"href":"https:\/\/www.caririemacao.com\/1\/wp-json\/wp\/v2\/posts\/108360\/revisions"}],"predecessor-version":[{"id":108362,"href":"https:\/\/www.caririemacao.com\/1\/wp-json\/wp\/v2\/posts\/108360\/revisions\/108362"}],"wp:featuredmedia":[{"embeddable":true,"href":"https:\/\/www.caririemacao.com\/1\/wp-json\/wp\/v2\/media\/107121"}],"wp:attachment":[{"href":"https:\/\/www.caririemacao.com\/1\/wp-json\/wp\/v2\/media?parent=108360"}],"wp:term":[{"taxonomy":"category","embeddable":true,"href":"https:\/\/www.caririemacao.com\/1\/wp-json\/wp\/v2\/categories?post=108360"},{"taxonomy":"post_tag","embeddable":true,"href":"https:\/\/www.caririemacao.com\/1\/wp-json\/wp\/v2\/tags?post=108360"}],"curies":[{"name":"wp","href":"https:\/\/api.w.org\/{rel}","templated":true}]}}