{"id":108371,"date":"2019-08-03T09:22:59","date_gmt":"2019-08-03T12:22:59","guid":{"rendered":"http:\/\/www.caririemacao.com\/1\/?p=108371"},"modified":"2019-08-03T09:22:59","modified_gmt":"2019-08-03T12:22:59","slug":"petrobras-reduz-preco-do-gas-residencial-e-empresarial-nas-refinarias","status":"publish","type":"post","link":"https:\/\/www.caririemacao.com\/1\/2019\/08\/03\/petrobras-reduz-preco-do-gas-residencial-e-empresarial-nas-refinarias\/","title":{"rendered":"Petrobras reduz pre\u00e7o do g\u00e1s residencial e empresarial nas refinarias"},"content":{"rendered":"\n<p>&nbsp;Petrobras anunciou nesta sexta-feira, 2, redu\u00e7\u00e3o no pre\u00e7o do GLP residencial (embalagens de at\u00e9 13 quilos) e empresarial (destinado a embalagens acima de 13 quilos) para as distribuidoras. Os novos valores passam a valer a partir de segunda-feira, 5. O pre\u00e7o do botij\u00e3o de g\u00e1s de cozinha ter\u00e1 redu\u00e7\u00e3o de 8,17% e passar\u00e1 a custar 24,06 reais para as distribuidoras, de acordo com o site da estatal. Essa foi a primeira queda neste ano na cota\u00e7\u00e3o do GLP residencial, que tem sido reajustada a cada tr\u00eas meses, para, segundo a petroleira, suavizar impactos da volatilidade no mercado externo sobre os valores dom\u00e9sticos.<\/p>\n\n\n\n<p>A companhia tamb\u00e9m reduziu em 13% os pre\u00e7os m\u00e9dios do GLP industrial e comercial, vendido em embalagens de mais de 13 quilos em suas refinarias. \u00c9 o segundo corte consecutivo nos valores desse produto, que j\u00e1 havia sofrido queda de 9,8% em 24 de julho \u2013 o primeiro reajuste para baixo do pre\u00e7o desde fevereiro.<\/p>\n\n\n\n<p>Os valores anunciados pela Petrobras representam o custo sem adi\u00e7\u00e3o de impostos para venda do botij\u00e3o \u00e0s distribuidoras. O repasse dos pre\u00e7os ao consumidor final depende das estrat\u00e9gias das distribuidoras e revendedoras. De acordo com a estatal, o pre\u00e7o de venda do g\u00e1s de cozinha \u00e9 formado pela m\u00e9dia das cota\u00e7\u00f5es de butano e propano no mercado europeu, com o acr\u00e9scimo de uma margem de 5%, e pela cota\u00e7\u00e3o do c\u00e2mbio.<\/p>\n\n\n\n<p>Em nota, o Sindicato Nacional das Empresas Distribuidoras de G\u00e1s Liquefeito de Petr\u00f3leo (Sindig\u00e1s) estimou que a Petrobras ainda tem praticado \u00e1gio de cerca de 31% em rela\u00e7\u00e3o ao mercado internacional. \u201cEsse \u00e1gio vem pressionando ainda mais os custos de neg\u00f3cios que t\u00eam o GLP entre seus principais insumos, impactando de forma crucial empresas que operam com o uso intensivo\u201d, de acordo com o comunicado.<\/p>\n\n\n\n<p>Uma diminui\u00e7\u00e3o nos pre\u00e7os do g\u00e1s faz parte do \u201cchoque de energia barata\u201d prometido pelo ministro da Economia, Paulo Guedes, que, segundo ele, se dar\u00e1 pela abertura do mercado, especialmente com a quebra do monop\u00f3lio da distribui\u00e7\u00e3o. Em abril, Guedes projetou que os pre\u00e7os do GLP residencial possam cair pela metade em \u201cum ano e meio ou dois\u201d com as medidas do governo. Em linha com a abertura, a Petrobras est\u00e1 em meio ao processo de venda de sua distribuidora de botij\u00f5es de g\u00e1s, a Liquig\u00e1s.<\/p>\n","protected":false},"excerpt":{"rendered":"<p>&nbsp;Petrobras anunciou nesta sexta-feira, 2, redu\u00e7\u00e3o no pre\u00e7o do GLP residencial (embalagens de at\u00e9 13 quilos) e empresarial (destinado a embalagens acima de 13 quilos)&hellip; <\/p>\n","protected":false},"author":1,"featured_media":83344,"comment_status":"closed","ping_status":"closed","sticky":false,"template":"","format":"standard","meta":{"sfsi_plus_gutenberg_text_before_share":"","sfsi_plus_gutenberg_show_text_before_share":"","sfsi_plus_gutenberg_icon_type":"","sfsi_plus_gutenberg_icon_alignemt":"","sfsi_plus_gutenburg_max_per_row":"","footnotes":""},"categories":[6],"tags":[],"class_list":["post-108371","post","type-post","status-publish","format-standard","has-post-thumbnail","hentry","category-cidades"],"_links":{"self":[{"href":"https:\/\/www.caririemacao.com\/1\/wp-json\/wp\/v2\/posts\/108371","targetHints":{"allow":["GET"]}}],"collection":[{"href":"https:\/\/www.caririemacao.com\/1\/wp-json\/wp\/v2\/posts"}],"about":[{"href":"https:\/\/www.caririemacao.com\/1\/wp-json\/wp\/v2\/types\/post"}],"author":[{"embeddable":true,"href":"https:\/\/www.caririemacao.com\/1\/wp-json\/wp\/v2\/users\/1"}],"replies":[{"embeddable":true,"href":"https:\/\/www.caririemacao.com\/1\/wp-json\/wp\/v2\/comments?post=108371"}],"version-history":[{"count":1,"href":"https:\/\/www.caririemacao.com\/1\/wp-json\/wp\/v2\/posts\/108371\/revisions"}],"predecessor-version":[{"id":108372,"href":"https:\/\/www.caririemacao.com\/1\/wp-json\/wp\/v2\/posts\/108371\/revisions\/108372"}],"wp:featuredmedia":[{"embeddable":true,"href":"https:\/\/www.caririemacao.com\/1\/wp-json\/wp\/v2\/media\/83344"}],"wp:attachment":[{"href":"https:\/\/www.caririemacao.com\/1\/wp-json\/wp\/v2\/media?parent=108371"}],"wp:term":[{"taxonomy":"category","embeddable":true,"href":"https:\/\/www.caririemacao.com\/1\/wp-json\/wp\/v2\/categories?post=108371"},{"taxonomy":"post_tag","embeddable":true,"href":"https:\/\/www.caririemacao.com\/1\/wp-json\/wp\/v2\/tags?post=108371"}],"curies":[{"name":"wp","href":"https:\/\/api.w.org\/{rel}","templated":true}]}}