{"id":108376,"date":"2019-08-03T09:29:19","date_gmt":"2019-08-03T12:29:19","guid":{"rendered":"http:\/\/www.caririemacao.com\/1\/?p=108376"},"modified":"2019-08-03T09:29:19","modified_gmt":"2019-08-03T12:29:19","slug":"plenaria-do-od-de-sume-e-realizada-na-escola-goncala-r-de-freitas","status":"publish","type":"post","link":"https:\/\/www.caririemacao.com\/1\/2019\/08\/03\/plenaria-do-od-de-sume-e-realizada-na-escola-goncala-r-de-freitas\/","title":{"rendered":"Plen\u00e1ria do OD de Sum\u00e9 \u00e9 realizada na escola Gon\u00e7ala R. de Freitas"},"content":{"rendered":"\n<p>Aconteceu na noite desta sexta-feira (02), a plen\u00e1ria do Or\u00e7amento Democr\u00e1tico na Escola Gon\u00e7ala Rodrigues de Freitas, envolvendo o Conjunto Sebasti\u00e3o Vitorino, Pedro Ferreira, Alto da Caixa D\u2019\u00e1gua, Mandacaru e Loteamentos.<br>Na oportunidade as prioridades eleitas foram:<br><\/p>\n\n\n\n<figure class=\"wp-block-image\"><a href=\"https:\/\/scontent.fcpv1-1.fna.fbcdn.net\/v\/t1.0-9\/67821542_1318225121673410_8786543866799980544_n.jpg?_nc_cat=111&amp;_nc_eui2=AeEqGh5OQG3Y5xpr6Oewni9iuV_oxSfOxCxNGthRGGFXGvxB3vEF9xy8sHXA6nRLw8trLdQtRUkEMzesBHPykW_fIpTLbKSwEzVoUobk_FQSAg&amp;_nc_oc=AQlRTnOOUSXyL0aoFt6O8CRabYvM3MnURboOu6qezhk-K9gLGWS7iWWNSI03hM39sx4&amp;_nc_ht=scontent.fcpv1-1.fna&amp;oh=655432180d590e8e68d4ca23a6249bbd&amp;oe=5DEB42D6\"><img decoding=\"async\" data-src=\"https:\/\/scontent.fcpv1-1.fna.fbcdn.net\/v\/t1.0-9\/67821542_1318225121673410_8786543866799980544_n.jpg?_nc_cat=111&amp;_nc_eui2=AeEqGh5OQG3Y5xpr6Oewni9iuV_oxSfOxCxNGthRGGFXGvxB3vEF9xy8sHXA6nRLw8trLdQtRUkEMzesBHPykW_fIpTLbKSwEzVoUobk_FQSAg&amp;_nc_oc=AQlRTnOOUSXyL0aoFt6O8CRabYvM3MnURboOu6qezhk-K9gLGWS7iWWNSI03hM39sx4&amp;_nc_ht=scontent.fcpv1-1.fna&amp;oh=655432180d590e8e68d4ca23a6249bbd&amp;oe=5DEB42D6\" alt=\"A imagem pode conter: 8 pessoas, \u00c3\u00a1rea interna\" src=\"data:image\/svg+xml;base64,PHN2ZyB3aWR0aD0iMSIgaGVpZ2h0PSIxIiB4bWxucz0iaHR0cDovL3d3dy53My5vcmcvMjAwMC9zdmciPjwvc3ZnPg==\" class=\"lazyload\" \/><\/a><\/figure>\n\n\n\n<p>1- Urbanismo e Infraestrutura com 46%2- Desporto e Lazer com 31%3- Sa\u00fade com 13%<br>Na reuni\u00e3o foram eleitos 5 conselheiros do ODM:<br>1- Jasmin Ara\u00fajo (117 votos)2- Pablo Medeiros (115 votos)3- Sara Pereira (114 votos)4- Jos\u00e9 Lucim\u00e1rio (94 votos)5- Arthur Torres (70 votos)<\/p>\n\n\n\n<p>Durante o encontro, o prefeito \u00c9den Duarte realizou a entrega de um notebook e uma impressora para a Escola da comunidade.<br>\u00c9den Duarte j\u00e1 investiu em 2019 mais de R$ 40 mil em equipamentos de inform\u00e1tica para a rede municipal de ensino.<br>Participaram da plen\u00e1ria 307 pessoas, sendo 206 moradores da comunidade, sendo a maior plen\u00e1ria realizada at\u00e9 o momento.<\/p>\n\n\n\n<p>As plen\u00e1rias do OD de Sum\u00e9 prosseguem neste s\u00e1bado. Desta vez a comunidade que recebe o evento \u00e9 o Riacho da Ro\u00e7a<br><strong>Ascom-PMS<\/strong><\/p>\n","protected":false},"excerpt":{"rendered":"<p>Aconteceu na noite desta sexta-feira (02), a plen\u00e1ria do Or\u00e7amento Democr\u00e1tico na Escola Gon\u00e7ala Rodrigues de Freitas, envolvendo o Conjunto Sebasti\u00e3o Vitorino, Pedro Ferreira, Alto&hellip; <\/p>\n","protected":false},"author":1,"featured_media":108377,"comment_status":"closed","ping_status":"closed","sticky":false,"template":"","format":"standard","meta":{"sfsi_plus_gutenberg_text_before_share":"","sfsi_plus_gutenberg_show_text_before_share":"","sfsi_plus_gutenberg_icon_type":"","sfsi_plus_gutenberg_icon_alignemt":"","sfsi_plus_gutenburg_max_per_row":"","footnotes":""},"categories":[50,11],"tags":[],"class_list":["post-108376","post","type-post","status-publish","format-standard","has-post-thumbnail","hentry","category-destaque","category-politica"],"_links":{"self":[{"href":"https:\/\/www.caririemacao.com\/1\/wp-json\/wp\/v2\/posts\/108376","targetHints":{"allow":["GET"]}}],"collection":[{"href":"https:\/\/www.caririemacao.com\/1\/wp-json\/wp\/v2\/posts"}],"about":[{"href":"https:\/\/www.caririemacao.com\/1\/wp-json\/wp\/v2\/types\/post"}],"author":[{"embeddable":true,"href":"https:\/\/www.caririemacao.com\/1\/wp-json\/wp\/v2\/users\/1"}],"replies":[{"embeddable":true,"href":"https:\/\/www.caririemacao.com\/1\/wp-json\/wp\/v2\/comments?post=108376"}],"version-history":[{"count":1,"href":"https:\/\/www.caririemacao.com\/1\/wp-json\/wp\/v2\/posts\/108376\/revisions"}],"predecessor-version":[{"id":108378,"href":"https:\/\/www.caririemacao.com\/1\/wp-json\/wp\/v2\/posts\/108376\/revisions\/108378"}],"wp:featuredmedia":[{"embeddable":true,"href":"https:\/\/www.caririemacao.com\/1\/wp-json\/wp\/v2\/media\/108377"}],"wp:attachment":[{"href":"https:\/\/www.caririemacao.com\/1\/wp-json\/wp\/v2\/media?parent=108376"}],"wp:term":[{"taxonomy":"category","embeddable":true,"href":"https:\/\/www.caririemacao.com\/1\/wp-json\/wp\/v2\/categories?post=108376"},{"taxonomy":"post_tag","embeddable":true,"href":"https:\/\/www.caririemacao.com\/1\/wp-json\/wp\/v2\/tags?post=108376"}],"curies":[{"name":"wp","href":"https:\/\/api.w.org\/{rel}","templated":true}]}}