{"id":108390,"date":"2019-08-03T09:44:03","date_gmt":"2019-08-03T12:44:03","guid":{"rendered":"http:\/\/www.caririemacao.com\/1\/?p=108390"},"modified":"2019-08-03T09:44:03","modified_gmt":"2019-08-03T12:44:03","slug":"apos-sarampo-rubeola-pode-ser-a-proxima-doenca-a-voltar-ao-pais","status":"publish","type":"post","link":"https:\/\/www.caririemacao.com\/1\/2019\/08\/03\/apos-sarampo-rubeola-pode-ser-a-proxima-doenca-a-voltar-ao-pais\/","title":{"rendered":"Ap\u00f3s sarampo, rub\u00e9ola pode ser a pr\u00f3xima doen\u00e7a a voltar ao pa\u00eds"},"content":{"rendered":"\n<p>baixa cobertura da vacina tr\u00edplice viral no Brasil, estimada entre 70% e 80%, abre brecha n\u00e3o apenas para a dissemina\u00e7\u00e3o da caxumba e do sarampo, mas tamb\u00e9m da rub\u00e9ola, que conta com casos suspeitos no pa\u00eds, segundo Isabella Ballalai, vice-presidente da Sociedade Brasileira de Imuniza\u00e7\u00f5es (SBIm).<\/p>\n\n\n\n<p>&#8220;Essa porcentagem de cobertura se refere a crian\u00e7as; n\u00e3o se conhece a cobertura em adultos. N\u00e3o existe um risco iminente da rub\u00e9ola como ocorreu quando havia o sarampo na Venezuela, mas qualquer doen\u00e7a com cobertura vacinal baixa apresenta risco de voltar. O sarampo est\u00e1 fazendo a gente acordar&#8221;, afirma.possibilidade de retorno de doen\u00e7as eliminadas devido \u00e0 defici\u00eancia vacinal ser\u00e1 debatida na 21\u00aa Jornada Nacional de Imuniza\u00e7\u00f5es, que acontecer\u00e1 em setembro em Fortaleza.<\/p>\n\n\n\n<p>Sociedade Brasileira de Imuniza\u00e7\u00f5es (SBIm) afirma que a OPAS (Organiza\u00e7\u00e3o Pan-Americana de Sa\u00fade) emitiu uma nota para refor\u00e7ar a necessidade de ampliar as a\u00e7\u00f5es de controle da rub\u00e9ola. De acordo com a SBIm, em 2018 e 2019 foram confirmados sete casos de rub\u00e9ola importados e um caso de s\u00edndrome da rub\u00e9ola cong\u00eanita (SRC) na Am\u00e9rica Latina.<\/p>\n\n\n\n<p><strong>Saiba mais:&nbsp;<a href=\"https:\/\/noticias.r7.com\/saude\/sarampo-cresce-procura-por-vacina-e-postos-serao-reabastecidos-em-sp-02082019\" target=\"_blank\" rel=\"noreferrer noopener\">Cresce procura por vacina contra o sarampo e postos ser\u00e3o reabastecidos em SP<\/a><\/strong><\/p>\n\n\n\n<p>\u201cOs n\u00fameros parecem baixos, mas n\u00e3o devem ser subestimados. Todos os surtos come\u00e7am com poucos casos\u201d, ressalta&nbsp;Juarez Cunha, presidente da SBIm.<\/p>\n\n\n\n<p>&#8220;Se um viajante com rub\u00e9ola chega a um pa\u00eds que n\u00e3o est\u00e1 vacinado, isso pode trazer a rub\u00e9ola de volta&#8221;, completa Isabella.<\/p>\n\n\n\n<p>Assim como o sarampo, a rub\u00e9ola \u00e9 altamente contagiosa&nbsp;e transmitida de forma semelhante: por meio da aspira\u00e7\u00e3o de got\u00edculas expelidas na fala, espirro ou tosse de pessoas infectadas, mesmo que n\u00e3o apresente sintomas.<\/p>\n\n\n\n<p>A doen\u00e7a n\u00e3o \u00e9 grave para a maioria das pessoas, sendo os principais sintomas manchas vermelhas, g\u00e2nglios atr\u00e1s da orelha e dor no corpo.<\/p>\n\n\n\n<p>&#8220;O problema \u00e9 a rub\u00e9ola em gr\u00e1vidas. A maior parte das pessoas que entra em contato com a doen\u00e7a n\u00e3o adoece. Ent\u00e3o, n\u00e3o se sabe quem est\u00e1 com rub\u00e9ola ou n\u00e3o. Quando a gestante pega a rub\u00e9ola, o beb\u00ea tem alt\u00edssimo risco de nascer com a s\u00edndrome da rub\u00e9ola cong\u00eanita, caracterizada por m\u00e1s forma\u00e7\u00f5es graves, da mesma forma que a zika&#8221;, explica Isabella.\u00a0<\/p>\n\n\n\n<p>Segundo ela, a doen\u00e7a pode causar danos em qualquer fase da gesta\u00e7\u00e3o, mas no primeiro trimestre, quando ocorre o in\u00edcio da forma\u00e7\u00e3o do feto, \u00e9 mais grave.<\/p>\n\n\n\n<p>Como a gr\u00e1vida n\u00e3o pode tomar a vacina tr\u00edplice viral, ela pode se proteger por meio das pessoas vacinadas \u00e0 sua volta. &#8220;\u00c9 o que a gente chama de preven\u00e7\u00e3o coletiva. A vacina\u00e7\u00e3o vai muito al\u00e9m da prote\u00e7\u00e3o individual&#8221;, diz Isabella.<\/p>\n\n\n\n<p>De acordo com o Minist\u00e9rio da Sa\u00fade, o \u00faltimo caso confirmado de rub\u00e9ola no pa\u00eds ocorreu em dezembro de 2008 no Estado de S\u00e3o Paulo. De 2012 a 2015, foram notificados 16.739 casos suspeitos de rub\u00e9ola, mas todos foram descartados, ainda segundo a pasta.<\/p>\n","protected":false},"excerpt":{"rendered":"<p>baixa cobertura da vacina tr\u00edplice viral no Brasil, estimada entre 70% e 80%, abre brecha n\u00e3o apenas para a dissemina\u00e7\u00e3o da caxumba e do sarampo,&hellip; <\/p>\n","protected":false},"author":1,"featured_media":102690,"comment_status":"closed","ping_status":"closed","sticky":false,"template":"","format":"standard","meta":{"sfsi_plus_gutenberg_text_before_share":"","sfsi_plus_gutenberg_show_text_before_share":"","sfsi_plus_gutenberg_icon_type":"","sfsi_plus_gutenberg_icon_alignemt":"","sfsi_plus_gutenburg_max_per_row":"","footnotes":""},"categories":[16],"tags":[],"class_list":["post-108390","post","type-post","status-publish","format-standard","has-post-thumbnail","hentry","category-saude"],"_links":{"self":[{"href":"https:\/\/www.caririemacao.com\/1\/wp-json\/wp\/v2\/posts\/108390","targetHints":{"allow":["GET"]}}],"collection":[{"href":"https:\/\/www.caririemacao.com\/1\/wp-json\/wp\/v2\/posts"}],"about":[{"href":"https:\/\/www.caririemacao.com\/1\/wp-json\/wp\/v2\/types\/post"}],"author":[{"embeddable":true,"href":"https:\/\/www.caririemacao.com\/1\/wp-json\/wp\/v2\/users\/1"}],"replies":[{"embeddable":true,"href":"https:\/\/www.caririemacao.com\/1\/wp-json\/wp\/v2\/comments?post=108390"}],"version-history":[{"count":1,"href":"https:\/\/www.caririemacao.com\/1\/wp-json\/wp\/v2\/posts\/108390\/revisions"}],"predecessor-version":[{"id":108391,"href":"https:\/\/www.caririemacao.com\/1\/wp-json\/wp\/v2\/posts\/108390\/revisions\/108391"}],"wp:featuredmedia":[{"embeddable":true,"href":"https:\/\/www.caririemacao.com\/1\/wp-json\/wp\/v2\/media\/102690"}],"wp:attachment":[{"href":"https:\/\/www.caririemacao.com\/1\/wp-json\/wp\/v2\/media?parent=108390"}],"wp:term":[{"taxonomy":"category","embeddable":true,"href":"https:\/\/www.caririemacao.com\/1\/wp-json\/wp\/v2\/categories?post=108390"},{"taxonomy":"post_tag","embeddable":true,"href":"https:\/\/www.caririemacao.com\/1\/wp-json\/wp\/v2\/tags?post=108390"}],"curies":[{"name":"wp","href":"https:\/\/api.w.org\/{rel}","templated":true}]}}