{"id":108399,"date":"2019-08-03T09:55:16","date_gmt":"2019-08-03T12:55:16","guid":{"rendered":"http:\/\/www.caririemacao.com\/1\/?p=108399"},"modified":"2019-08-03T09:55:16","modified_gmt":"2019-08-03T12:55:16","slug":"banhistas-devem-evitar-trechos-de-12-praias-do-litoral-paraibano-nesta-semana","status":"publish","type":"post","link":"https:\/\/www.caririemacao.com\/1\/2019\/08\/03\/banhistas-devem-evitar-trechos-de-12-praias-do-litoral-paraibano-nesta-semana\/","title":{"rendered":"Banhistas devem evitar trechos de 12 praias do litoral paraibano nesta semana"},"content":{"rendered":"\n<p>Trechos de 12 praias do litoral paraibano s\u00e3o considerados como impr\u00f3prios para o banho nesta semana, de acordo com relat\u00f3rio da Superintend\u00eancia de Administra\u00e7\u00e3o do Meio Ambiente (Sudema). Existem trechos inadequados para o banho nas cidades de Jo\u00e3o Pessoa, Cabedelo, Lucena e Pitimbu.<\/p>\n\n\n\n<p>O relat\u00f3rio tamb\u00e9m aponta que as demais 44 praias monitoradas pela Sudema no litoral paraibano apresentam condi\u00e7\u00f5es pr\u00f3prias para o banho.<\/p>\n\n\n\n<p>A Sudema recomenda que os banhistas fiquem distante cerca de 100 metros \u00e0 direita e \u00e0 esquerda dos trechos apontados como impr\u00f3prios, al\u00e9m de evitar trechos de praias localizados em \u00e1reas frontais a desembocaduras de galerias de \u00e1guas pluviais, principalmente se houver ind\u00edcio de escoamento recente.<\/p>\n\n\n\n<p><strong>Confira os trechos de praias considerado impr\u00f3prios na Para\u00edba nesta semana:<\/strong><\/p>\n\n\n\n<p><strong>Jo\u00e3o Pessoa<\/strong><\/p>\n\n\n\n<ul class=\"wp-block-list\"><li>Praia de Mana\u00edra, em frente ao im\u00f3vel n\u00ba 315, localizado na avenida Jo\u00e3o Maur\u00edcio, e ao final da avenida Senador Ruy Carneiro;<\/li><li>Praia do Cabo Branco, 100 metros \u00e0 direita e \u00e0 esquerda do final das ruas Greg\u00f3rio Pessoa de Oliveira e \u00c1urea, da rotat\u00f3ria ao final da avenida Cabo Branco e da desembocadura de galeria pluvial;<\/li><li>Praia do Seixas, ao final da avenida das Fal\u00e9sias;<\/li><li>Praia do Arraial, em frente \u00e0 desembocadura do Rio Cui\u00e1;<\/li><li>Praia do Sol, em frente \u00e0 desembocadura do Riacho Camurupim;<\/li><\/ul>\n\n\n\n<p><strong>Cabedelo<\/strong><br><\/p>\n\n\n\n<ul class=\"wp-block-list\"><li>Praia do Jacar\u00e9, na margem direita do estu\u00e1rio do rio Para\u00edba;<\/li><li>Praia de Ponta de Campina, em frente \u00e0 galeria de \u00e1guas pluviais;<\/li><\/ul>\n\n\n\n<p><strong>Lucena<br><\/strong><\/p>\n\n\n\n<ul class=\"wp-block-list\"><li>Praia de Lucena, em frente \u00e0 desembocadura do Riacho Bonsucesso;<\/li><li>Praia da Gameleira, em frente \u00e0 desembocadura do Riacho Ara\u00e7\u00e1;<\/li><\/ul>\n\n\n\n<p><strong>Pitimbu<\/strong><br><\/p>\n\n\n\n<ul class=\"wp-block-list\"><li>Praia do Macei\u00f3, em frente \u00e0 desembocadura do Riacho Engenho Velho;<\/li><li>Praia de Ponta dos Coqueiros, em frente \u00e0 desembocadura da lagoa;<\/li><li>Praia de Aca\u00fa\/Pontinha, em frente \u00e0 desembocadura do Rio Goiana.<\/li><\/ul>\n","protected":false},"excerpt":{"rendered":"<p>Trechos de 12 praias do litoral paraibano s\u00e3o considerados como impr\u00f3prios para o banho nesta semana, de acordo com relat\u00f3rio da Superintend\u00eancia de Administra\u00e7\u00e3o do&hellip; <\/p>\n","protected":false},"author":1,"featured_media":89021,"comment_status":"closed","ping_status":"closed","sticky":false,"template":"","format":"standard","meta":{"sfsi_plus_gutenberg_text_before_share":"","sfsi_plus_gutenberg_show_text_before_share":"","sfsi_plus_gutenberg_icon_type":"","sfsi_plus_gutenberg_icon_alignemt":"","sfsi_plus_gutenburg_max_per_row":"","footnotes":""},"categories":[6],"tags":[],"class_list":["post-108399","post","type-post","status-publish","format-standard","has-post-thumbnail","hentry","category-cidades"],"_links":{"self":[{"href":"https:\/\/www.caririemacao.com\/1\/wp-json\/wp\/v2\/posts\/108399","targetHints":{"allow":["GET"]}}],"collection":[{"href":"https:\/\/www.caririemacao.com\/1\/wp-json\/wp\/v2\/posts"}],"about":[{"href":"https:\/\/www.caririemacao.com\/1\/wp-json\/wp\/v2\/types\/post"}],"author":[{"embeddable":true,"href":"https:\/\/www.caririemacao.com\/1\/wp-json\/wp\/v2\/users\/1"}],"replies":[{"embeddable":true,"href":"https:\/\/www.caririemacao.com\/1\/wp-json\/wp\/v2\/comments?post=108399"}],"version-history":[{"count":1,"href":"https:\/\/www.caririemacao.com\/1\/wp-json\/wp\/v2\/posts\/108399\/revisions"}],"predecessor-version":[{"id":108400,"href":"https:\/\/www.caririemacao.com\/1\/wp-json\/wp\/v2\/posts\/108399\/revisions\/108400"}],"wp:featuredmedia":[{"embeddable":true,"href":"https:\/\/www.caririemacao.com\/1\/wp-json\/wp\/v2\/media\/89021"}],"wp:attachment":[{"href":"https:\/\/www.caririemacao.com\/1\/wp-json\/wp\/v2\/media?parent=108399"}],"wp:term":[{"taxonomy":"category","embeddable":true,"href":"https:\/\/www.caririemacao.com\/1\/wp-json\/wp\/v2\/categories?post=108399"},{"taxonomy":"post_tag","embeddable":true,"href":"https:\/\/www.caririemacao.com\/1\/wp-json\/wp\/v2\/tags?post=108399"}],"curies":[{"name":"wp","href":"https:\/\/api.w.org\/{rel}","templated":true}]}}